{"id":15099,"date":"2024-11-12T09:35:40","date_gmt":"2024-11-12T12:35:40","guid":{"rendered":"https:\/\/sgvaimudar.com.br\/?p=15099"},"modified":"2024-11-12T09:35:41","modified_gmt":"2024-11-12T12:35:41","slug":"reordenamento-vagas-de-estacionamento-sao-construidas-em-rua-de-neves","status":"publish","type":"post","link":"https:\/\/sgvaimudar.com.br\/index.php\/2024\/11\/12\/reordenamento-vagas-de-estacionamento-sao-construidas-em-rua-de-neves\/","title":{"rendered":"Reordenamento: Vagas de estacionamento s\u00e3o constru\u00eddas em rua de Neves"},"content":{"rendered":"\n<p><em>Interven\u00e7\u00f5es ocorrem no in\u00edcio da Rua Maur\u00edcio de Abreu<\/em><\/p>\n\n\n\n<p>As obras no trecho inicial da Rua Maur\u00edcio de Abreu, em Neves, representam uma verdadeira transforma\u00e7\u00e3o no local, com a instala\u00e7\u00e3o de vagas de estacionamento e de equipamentos de atividades f\u00edsicas para idosos. Na tarde de ontem, equipes da Secretaria de Desenvolvimento Urbano da Prefeitura de S\u00e3o Gon\u00e7alo constru\u00edram vagas para que os carros n\u00e3o fiquem mais parados nas ruas. <\/p>\n\n\n\n<figure class=\"wp-block-image size-full\"><img fetchpriority=\"high\" decoding=\"async\" width=\"1024\" height=\"683\" src=\"https:\/\/sgvaimudar.com.br\/wp-content\/uploads\/2024\/11\/unnamed-17-1.jpg\" alt=\"\" class=\"wp-image-15100\" srcset=\"https:\/\/sgvaimudar.com.br\/wp-content\/uploads\/2024\/11\/unnamed-17-1.jpg 1024w, https:\/\/sgvaimudar.com.br\/wp-content\/uploads\/2024\/11\/unnamed-17-1-300x200.jpg 300w, https:\/\/sgvaimudar.com.br\/wp-content\/uploads\/2024\/11\/unnamed-17-1-768x512.jpg 768w\" sizes=\"(max-width: 1024px) 100vw, 1024px\" \/><\/figure>\n\n\n\n<p>Segundo a Prefeitura, o tr\u00e2nsito ser\u00e1 reordenado.<\/p>\n\n\n\n<p>Al\u00e9m disso, a Secretaria de Conserva\u00e7\u00e3o do munic\u00edpio est\u00e1 realizando o urbanismo no local. Equipamentos para a academia do idoso tamb\u00e9m foram implementados em uma nova cal\u00e7ada da regi\u00e3o. Tudo isso tem como objetivo dar mais conforto e qualidade de vida para os moradores da via.<\/p>\n\n\n\n<p>A Rua Maur\u00edcio de Abreu deixou de ser secund\u00e1ria e passou a ser via principal sentido Centro de S\u00e3o Gon\u00e7alo com as interven\u00e7\u00f5es do MUVI, o novo corredor vi\u00e1rio que est\u00e1 sendo constru\u00eddo pela Secretaria de Estado das Cidades, em parceria com a Prefeitura. O trecho inicial, que antecede o MUVI, tamb\u00e9m est\u00e1 passando por mudan\u00e7as agora e j\u00e1 recebeu drenagem, rede de esgoto, constru\u00e7\u00e3o de meios-fios, cal\u00e7adas e pavimenta\u00e7\u00e3o.<\/p>\n\n\n\n<p>Para os moradores, a transforma\u00e7\u00e3o est\u00e1 dando um novo visual para a regi\u00e3o. \u00c9 o que afirma a costureira Neuza Souza, de 59 anos, que foi nascida e criada no bairro.<\/p>\n\n\n\n<p>&#8220;Moro aqui desde que nasci, criei meus filhos e tudo mais. Acho a obra \u00f3tima! Com o novo asfalto, ficou maravilhoso, est\u00e1 melhor para os carros passarem. A revitaliza\u00e7\u00e3o est\u00e1 melhorando o bairro, que era esquecido, agora estamos tendo mais aten\u00e7\u00e3o aqui. Vejo todos os dias a obra avan\u00e7ando, est\u00e1 ajudando a gente, podemos aproveitar mais ainda o bairro com a academia no final da rua&#8221;, contou Neuza.<\/p>\n\n\n\n<p><em>Fotos: Fabio Guimar\u00e3es<\/em><\/p>\n\n\n\n<p><strong><em>S\u00e3o Gon\u00e7alo Vai Mudar. O Maior Portal da Cidade.<\/em><\/strong><\/p>\n\n\n\n<figure class=\"wp-block-image size-full\"><img decoding=\"async\" width=\"251\" height=\"88\" src=\"https:\/\/sgvaimudar.com.br\/wp-content\/uploads\/2023\/08\/Logo.png\" alt=\"\" class=\"wp-image-2738\" \/><\/figure>\n","protected":false},"excerpt":{"rendered":"<p>Interven\u00e7\u00f5es ocorrem no in\u00edcio da Rua Maur\u00edcio de Abreu As obras no trecho inicial da Rua Maur\u00edcio de Abreu, em&hellip;<\/p>\n","protected":false},"author":5,"featured_media":15101,"comment_status":"open","ping_status":"open","sticky":false,"template":"","format":"standard","meta":{"fifu_image_url":"","fifu_image_alt":"","footnotes":""},"categories":[3],"tags":[],"class_list":["post-15099","post","type-post","status-publish","format-standard","has-post-thumbnail","hentry","category-sao-goncalo"],"_links":{"self":[{"href":"https:\/\/sgvaimudar.com.br\/index.php\/wp-json\/wp\/v2\/posts\/15099","targetHints":{"allow":["GET"]}}],"collection":[{"href":"https:\/\/sgvaimudar.com.br\/index.php\/wp-json\/wp\/v2\/posts"}],"about":[{"href":"https:\/\/sgvaimudar.com.br\/index.php\/wp-json\/wp\/v2\/types\/post"}],"author":[{"embeddable":true,"href":"https:\/\/sgvaimudar.com.br\/index.php\/wp-json\/wp\/v2\/users\/5"}],"replies":[{"embeddable":true,"href":"https:\/\/sgvaimudar.com.br\/index.php\/wp-json\/wp\/v2\/comments?post=15099"}],"version-history":[{"count":1,"href":"https:\/\/sgvaimudar.com.br\/index.php\/wp-json\/wp\/v2\/posts\/15099\/revisions"}],"predecessor-version":[{"id":15102,"href":"https:\/\/sgvaimudar.com.br\/index.php\/wp-json\/wp\/v2\/posts\/15099\/revisions\/15102"}],"wp:featuredmedia":[{"embeddable":true,"href":"https:\/\/sgvaimudar.com.br\/index.php\/wp-json\/wp\/v2\/media\/15101"}],"wp:attachment":[{"href":"https:\/\/sgvaimudar.com.br\/index.php\/wp-json\/wp\/v2\/media?parent=15099"}],"wp:term":[{"taxonomy":"category","embeddable":true,"href":"https:\/\/sgvaimudar.com.br\/index.php\/wp-json\/wp\/v2\/categories?post=15099"},{"taxonomy":"post_tag","embeddable":true,"href":"https:\/\/sgvaimudar.com.br\/index.php\/wp-json\/wp\/v2\/tags?post=15099"}],"curies":[{"name":"wp","href":"https:\/\/api.w.org\/{rel}","templated":true}]}}