{"id":14962,"date":"2024-11-09T14:00:00","date_gmt":"2024-11-09T17:00:00","guid":{"rendered":"https:\/\/sgvaimudar.com.br\/?p=14962"},"modified":"2024-11-09T07:18:06","modified_gmt":"2024-11-09T10:18:06","slug":"policias-civis-do-rio-de-janeiro-e-do-rio-grande-do-sul-renovam-parceria-em-programa-que-aproxima-jovens-das-instituicoes","status":"publish","type":"post","link":"https:\/\/sgvaimudar.com.br\/index.php\/2024\/11\/09\/policias-civis-do-rio-de-janeiro-e-do-rio-grande-do-sul-renovam-parceria-em-programa-que-aproxima-jovens-das-instituicoes\/","title":{"rendered":"Pol\u00edcias Civis do Rio de Janeiro e do Rio Grande do Sul renovam parceria em programa que aproxima jovens das institui\u00e7\u00f5es"},"content":{"rendered":"\n<p><em>Juntas, as duas pol\u00edcias j\u00e1 alcan\u00e7aram cerca de 1,5 milh\u00e3o\u00a0de pessoas por meio do Papo de Responsa<\/em><\/p>\n\n\n\n<p>A Secretaria de Estado de Pol\u00edcia Civil (Sepol) do Rio de Janeiro assinou, nesta sexta-feira (08\/11), o termo de coopera\u00e7\u00e3o t\u00e9cnica referente ao programa Papo de Responsa com a Pol\u00edcia Civil do Rio Grande do Sul. A solenidade, realizada na Cidade da Pol\u00edcia, Zona Norte do Rio, marca a renova\u00e7\u00e3o da parceria, que teve in\u00edcio em 2016.<\/p>\n\n\n\n<figure class=\"wp-block-image size-large\"><img fetchpriority=\"high\" decoding=\"async\" width=\"1024\" height=\"653\" src=\"https:\/\/sgvaimudar.com.br\/wp-content\/uploads\/2024\/11\/Papo-de-Responsa-RJ-RS-01-1024x653.jpeg\" alt=\"\" class=\"wp-image-14963\" srcset=\"https:\/\/sgvaimudar.com.br\/wp-content\/uploads\/2024\/11\/Papo-de-Responsa-RJ-RS-01-1024x653.jpeg 1024w, https:\/\/sgvaimudar.com.br\/wp-content\/uploads\/2024\/11\/Papo-de-Responsa-RJ-RS-01-300x191.jpeg 300w, https:\/\/sgvaimudar.com.br\/wp-content\/uploads\/2024\/11\/Papo-de-Responsa-RJ-RS-01-768x490.jpeg 768w, https:\/\/sgvaimudar.com.br\/wp-content\/uploads\/2024\/11\/Papo-de-Responsa-RJ-RS-01.jpeg 1280w\" sizes=\"(max-width: 1024px) 100vw, 1024px\" \/><\/figure>\n\n\n\n<p>Criado h\u00e1 21 anos pela Pol\u00edcia Civil fluminense, o&nbsp;programa Papo de Responsa ajuda a aproximar jovens da institui\u00e7\u00e3o. Agentes v\u00e3o&nbsp;a escolas para conversar sobre diversos temas, como viol\u00eancia, os riscos do uso de drogas, bullying e cyberbullying. At\u00e9 hoje, cerca de 1 milh\u00e3o de pessoas j\u00e1 foram alcan\u00e7adas pelo programa no estado.<\/p>\n\n\n\n<p>&#8220;Essa \u00e9 uma iniciativa&nbsp;que ensina o jovem a olhar para frente, que ir atr\u00e1s do sonho n\u00e3o \u00e9 imposs\u00edvel. \u00c9 uma das p\u00e9rolas da Pol\u00edcia Civil. Parabenizo toda a equipe do Papo de Responsa, pois voc\u00eas mostram a esses jovens que \u00e9 poss\u00edvel e que somos pessoas t\u00e3o sens\u00edveis quanto eles&#8221;, disse o subsecret\u00e1rio de Planejamento e Integra\u00e7\u00e3o Operacional (SSPIO) da Sepol, delegado Carlos Oliveira.<\/p>\n\n\n\n<p>Os temas abordados nos encontros s\u00e3o sempre selecionados a partir das caracter\u00edsticas e necessidades do corpo discente de cada escola. O objetivo \u00e9 aumentar o contato com as comunidades e discutir temas relevantes para buscar, assim, mudar efetivamente a realidade desses adolescentes.<\/p>\n\n\n\n<p>&#8220;O Papo de Responsa tem uma metodologia. Antes de chegar nos estudantes, h\u00e1 uma s\u00e9rie de etapas. Ent\u00e3o, quando \u00e9 o momento da conversa, nossa equipe j\u00e1 sabe o que falar, quais s\u00e3o os problemas daquele grupo. O Papo vai no cora\u00e7\u00e3o deles, buscando reflex\u00e3o cr\u00edtica e transformando a realidade dos jovens. Pol\u00edcia judici\u00e1ria \u00e9 muito mais do que investiga\u00e7\u00e3o e opera\u00e7\u00e3o, \u00e9 busca pela paz e pela cidadania. \u00c9 garantia dos direitos humanos&#8221;, afirmou a diretora da&nbsp;Academia Estadual de Pol\u00edcia Sylvio Terra (Acadepol), delegada Val\u00e9ria Arag\u00e3o.&nbsp;<\/p>\n\n\n\n<p>O coordenador do Papo de Responsa, inspetor Beto Chaves, destacou que o programa atinge adolescentes de diferentes classes sociais, sempre estimulando o debate. &#8220;Visitamos escolas em que as crian\u00e7as v\u00e3o para se alimentar e outras em que os pais pagam mensalidades de R$ 10 mil. Independentemente da realidade, h\u00e1 sempre oportunidade para nos aproximarmos. Como Pol\u00edcia Civil, n\u00f3s vamos continuar combatendo e investigando, mas tamb\u00e9m&nbsp;atuaremos&nbsp;em uma \u00e1rea que ainda tem pouca visibilidade, que \u00e9 a da preven\u00e7\u00e3o&#8221;, comentou o coordenador do Papo de Responsa, o inspetor Beto Chaves.<\/p>\n\n\n\n<p>O termo de coopera\u00e7\u00e3o t\u00e9cnica garante a continuidade do compartilhamento da metodologia do Papo de Responsa entre as Pol\u00edcias Civis do Rio de Janeiro e do Rio Grande do Sul. Al\u00e9m disso, a Sepol atua na forma\u00e7\u00e3o de novos multiplicadores do programa,&nbsp;aplicando a pedagogia criada e desenvolvida&nbsp;aqui no Rio.<\/p>\n\n\n\n<p>&#8220;O que \u00e9 bom, a gente quer trazer para n\u00f3s&#8221;, declarou o chefe da Pol\u00edcia Civil ga\u00facha, delegado Fernando Ant\u00f4nio Sodr\u00e9 de Oliveira. &#8220;Vemos esse trabalho sendo feito no Rio Grande do Sul desde 2016 e queremos continuar. Reafirmar o Papo de Responsa \u00e9 motivo de orgulho, e uma oportunidade que n\u00e3o poder\u00edamos deixar passar.&#8221;<\/p>\n\n\n\n<p>Ao longo dos oito anos de parceria, cerca de 200 multiplicadores foram capacitados no Sul pelos agentes fluminenses. Como resultado disso, o Papo de Responsa chegou a mais de 450 mil pessoas por l\u00e1.<\/p>\n\n\n\n<p>&#8220;A pol\u00edcia tem que ser firme, mas tamb\u00e9m \u00e9 preciso ter esse vi\u00e9s da preven\u00e7\u00e3o. O Papo conquistou o Rio Grande do Sul pela profundidade. \u00c9 uma ferramenta que tem que ser aliada das nossas opera\u00e7\u00f5es&#8221;, explicou a diretora da Divis\u00e3o de Comunica\u00e7\u00e3o Social e Rela\u00e7\u00e3o Institucional e da Divis\u00e3o de Preven\u00e7\u00e3o, Media\u00e7\u00e3o e Justi\u00e7a Restaurativa da Pol\u00edcia Civil do Rio Grande do Sul, delegada Eliana Parahyba Lopes. &#8220;\u00c9 um momento de reflex\u00e3o em que a gente mostra para a gurizada que eles podem ser protagonistas da pr\u00f3pria vida. N\u00f3s damos um referencial para eles se inspirarem. Como policiais, somos agentes da transforma\u00e7\u00e3o&#8221;.<\/p>\n\n\n\n<p><strong><em>S\u00e3o Gon\u00e7alo Vai Mudar. O Maior Portal da Cidade.<\/em><\/strong><\/p>\n\n\n\n<figure class=\"wp-block-image size-full\"><img decoding=\"async\" width=\"251\" height=\"88\" src=\"https:\/\/sgvaimudar.com.br\/wp-content\/uploads\/2023\/08\/Logo.png\" alt=\"\" class=\"wp-image-2738\" \/><\/figure>\n","protected":false},"excerpt":{"rendered":"<p>Juntas, as duas pol\u00edcias j\u00e1 alcan\u00e7aram cerca de 1,5 milh\u00e3o\u00a0de pessoas por meio do Papo de Responsa A Secretaria de&hellip;<\/p>\n","protected":false},"author":5,"featured_media":14964,"comment_status":"open","ping_status":"open","sticky":false,"template":"","format":"standard","meta":{"fifu_image_url":"","fifu_image_alt":"","footnotes":""},"categories":[32],"tags":[],"class_list":["post-14962","post","type-post","status-publish","format-standard","has-post-thumbnail","hentry","category-casos-de-policia"],"_links":{"self":[{"href":"https:\/\/sgvaimudar.com.br\/index.php\/wp-json\/wp\/v2\/posts\/14962","targetHints":{"allow":["GET"]}}],"collection":[{"href":"https:\/\/sgvaimudar.com.br\/index.php\/wp-json\/wp\/v2\/posts"}],"about":[{"href":"https:\/\/sgvaimudar.com.br\/index.php\/wp-json\/wp\/v2\/types\/post"}],"author":[{"embeddable":true,"href":"https:\/\/sgvaimudar.com.br\/index.php\/wp-json\/wp\/v2\/users\/5"}],"replies":[{"embeddable":true,"href":"https:\/\/sgvaimudar.com.br\/index.php\/wp-json\/wp\/v2\/comments?post=14962"}],"version-history":[{"count":1,"href":"https:\/\/sgvaimudar.com.br\/index.php\/wp-json\/wp\/v2\/posts\/14962\/revisions"}],"predecessor-version":[{"id":14965,"href":"https:\/\/sgvaimudar.com.br\/index.php\/wp-json\/wp\/v2\/posts\/14962\/revisions\/14965"}],"wp:featuredmedia":[{"embeddable":true,"href":"https:\/\/sgvaimudar.com.br\/index.php\/wp-json\/wp\/v2\/media\/14964"}],"wp:attachment":[{"href":"https:\/\/sgvaimudar.com.br\/index.php\/wp-json\/wp\/v2\/media?parent=14962"}],"wp:term":[{"taxonomy":"category","embeddable":true,"href":"https:\/\/sgvaimudar.com.br\/index.php\/wp-json\/wp\/v2\/categories?post=14962"},{"taxonomy":"post_tag","embeddable":true,"href":"https:\/\/sgvaimudar.com.br\/index.php\/wp-json\/wp\/v2\/tags?post=14962"}],"curies":[{"name":"wp","href":"https:\/\/api.w.org\/{rel}","templated":true}]}}