{"id":14926,"date":"2024-11-08T19:00:00","date_gmt":"2024-11-08T22:00:00","guid":{"rendered":"https:\/\/sgvaimudar.com.br\/?p=14926"},"modified":"2024-11-08T11:04:05","modified_gmt":"2024-11-08T14:04:05","slug":"empreendedoras-se-reunem-para-compartilhar-experiencias","status":"publish","type":"post","link":"https:\/\/sgvaimudar.com.br\/index.php\/2024\/11\/08\/empreendedoras-se-reunem-para-compartilhar-experiencias\/","title":{"rendered":"Empreendedoras se re\u00fanem para compartilhar experi\u00eancias"},"content":{"rendered":"\n<p><em>Subsecretaria de Pol\u00edticas P\u00fablicas para as Mulheres realizou workshop no Centro<\/em><\/p>\n\n\n\n<p>Em alus\u00e3o \u00e0 Semana do Empreendedorismo Feminino, o Espa\u00e7o + Conhecimento do Partage Shoping, no Centro, recebeu, na tarde desta quinta-feira (7), o Workshop para as Empreendedoras, realizado pela Secretaria de Assist\u00eancia Social, atrav\u00e9s da Subsecret\u00e1ria de Pol\u00edticas P\u00fablicas para as Mulheres, da Prefeitura de S\u00e3o Gon\u00e7alo.<\/p>\n\n\n\n<figure class=\"wp-block-image size-full\"><img fetchpriority=\"high\" decoding=\"async\" width=\"1024\" height=\"681\" src=\"https:\/\/sgvaimudar.com.br\/wp-content\/uploads\/2024\/11\/unnamed-11-2.jpg\" alt=\"\" class=\"wp-image-14927\" srcset=\"https:\/\/sgvaimudar.com.br\/wp-content\/uploads\/2024\/11\/unnamed-11-2.jpg 1024w, https:\/\/sgvaimudar.com.br\/wp-content\/uploads\/2024\/11\/unnamed-11-2-300x200.jpg 300w, https:\/\/sgvaimudar.com.br\/wp-content\/uploads\/2024\/11\/unnamed-11-2-768x511.jpg 768w\" sizes=\"(max-width: 1024px) 100vw, 1024px\" \/><\/figure>\n\n\n\n<p>O evento foi realizado para conscientizar as mulheres sobre os desafios enfrentados por empreendedoras, uma grande oportunidade para conex\u00e3o e acesso a informa\u00e7\u00f5es e recursos que podem ajud\u00e1-las a impulsionar seus neg\u00f3cios.&nbsp;<\/p>\n\n\n\n<p>Uma mesa composta por empreendedoras que passaram pela forma\u00e7\u00e3o do Lidera Mulher foi montada no local. Foi uma tarde de depoimentos de diversos casos de sucesso de ex-alunas, relatando a diferen\u00e7a que o programa fez em suas vidas, destacando a import\u00e2ncia do empoderamento feminino e autonomia financeira, possibilitando que as mulheres exer\u00e7am seus diversos pap\u00e9is.&nbsp;<\/p>\n\n\n\n<p>O workshop contou com exposi\u00e7\u00e3o de produtos das empreendedoras participantes, possibilitando o networking. A mesa teve participa\u00e7\u00e3o do secret\u00e1rio de Assist\u00eancia Social, Felipe Mattos; da subsecret\u00e1ria de Pol\u00edticas P\u00fablicas para as Mulheres, Ana Cristina da Silva; e do subsecret\u00e1rio de Prote\u00e7\u00e3o Social Especial, Jair Mello.<\/p>\n\n\n\n<p>\u201cO Programa Lidera Mulher possibilita o empoderamento feminino, fazendo com que as mulheres ganhem controle sobre suas pr\u00f3prias vidas e se tornem capacitadas para tomar decis\u00f5es que afetam seu futuro. Esse evento foi criado para mostrar a import\u00e2ncia e a diferen\u00e7a que o empreendedorismo feminino realiza em nossa cidade, inspirando novas empreendedoras para buscar o seu sucesso pessoal e profissional\u201d, disse a subsecret\u00e1ria Ana Cristina da Silva.&nbsp;<\/p>\n\n\n\n<p>O evento tamb\u00e9m contou com a apresenta\u00e7\u00e3o cultural da empreendedora e cantora Ana Carla Rodrigues da Silva, que participa atualmente do Espa\u00e7o Lidera Mulher trabalhando com macram\u00ea, e realizou uma bela apresenta\u00e7\u00e3o. Por fim, as mulheres foram agraciadas com um belo caf\u00e9 para homenage\u00e1-las.<\/p>\n\n\n\n<p>Capacita\u00e7\u00e3o feminina tem sido um dos grandes destaques da Subsecretaria de Pol\u00edticas P\u00fablicas para as Mulheres, que j\u00e1 capacitou mais de 1.200 mulheres atrav\u00e9s do projeto Lidera Mulher, realizado em parceria com o Sebrae. Nos \u00faltimos anos, S\u00e3o Gon\u00e7alo tornou-se um celeiro do empreendedorismo, e nessa gest\u00e3o os n\u00fameros se multiplicam cada vez mais, contribuindo para o desenvolvimento de habilidades das mulheres gon\u00e7alenses.<\/p>\n\n\n\n<p><em>Fotos: J\u00falio Diniz<\/em><\/p>\n\n\n\n<p><em><sup><strong>S\u00e3o Gon\u00e7alo Vai Mudar. O Maior Portal da Cidade.<\/strong><\/sup><\/em><\/p>\n\n\n\n<figure class=\"wp-block-image size-full\"><img decoding=\"async\" width=\"251\" height=\"88\" src=\"https:\/\/sgvaimudar.com.br\/wp-content\/uploads\/2023\/08\/Logo.png\" alt=\"\" class=\"wp-image-2738\" \/><\/figure>\n","protected":false},"excerpt":{"rendered":"<p>Subsecretaria de Pol\u00edticas P\u00fablicas para as Mulheres realizou workshop no Centro Em alus\u00e3o \u00e0 Semana do Empreendedorismo Feminino, o Espa\u00e7o&hellip;<\/p>\n","protected":false},"author":5,"featured_media":14928,"comment_status":"open","ping_status":"open","sticky":false,"template":"","format":"standard","meta":{"fifu_image_url":"","fifu_image_alt":"","footnotes":""},"categories":[3],"tags":[],"class_list":["post-14926","post","type-post","status-publish","format-standard","has-post-thumbnail","hentry","category-sao-goncalo"],"_links":{"self":[{"href":"https:\/\/sgvaimudar.com.br\/index.php\/wp-json\/wp\/v2\/posts\/14926","targetHints":{"allow":["GET"]}}],"collection":[{"href":"https:\/\/sgvaimudar.com.br\/index.php\/wp-json\/wp\/v2\/posts"}],"about":[{"href":"https:\/\/sgvaimudar.com.br\/index.php\/wp-json\/wp\/v2\/types\/post"}],"author":[{"embeddable":true,"href":"https:\/\/sgvaimudar.com.br\/index.php\/wp-json\/wp\/v2\/users\/5"}],"replies":[{"embeddable":true,"href":"https:\/\/sgvaimudar.com.br\/index.php\/wp-json\/wp\/v2\/comments?post=14926"}],"version-history":[{"count":1,"href":"https:\/\/sgvaimudar.com.br\/index.php\/wp-json\/wp\/v2\/posts\/14926\/revisions"}],"predecessor-version":[{"id":14929,"href":"https:\/\/sgvaimudar.com.br\/index.php\/wp-json\/wp\/v2\/posts\/14926\/revisions\/14929"}],"wp:featuredmedia":[{"embeddable":true,"href":"https:\/\/sgvaimudar.com.br\/index.php\/wp-json\/wp\/v2\/media\/14928"}],"wp:attachment":[{"href":"https:\/\/sgvaimudar.com.br\/index.php\/wp-json\/wp\/v2\/media?parent=14926"}],"wp:term":[{"taxonomy":"category","embeddable":true,"href":"https:\/\/sgvaimudar.com.br\/index.php\/wp-json\/wp\/v2\/categories?post=14926"},{"taxonomy":"post_tag","embeddable":true,"href":"https:\/\/sgvaimudar.com.br\/index.php\/wp-json\/wp\/v2\/tags?post=14926"}],"curies":[{"name":"wp","href":"https:\/\/api.w.org\/{rel}","templated":true}]}}