{"id":14816,"date":"2024-11-07T10:08:43","date_gmt":"2024-11-07T13:08:43","guid":{"rendered":"https:\/\/sgvaimudar.com.br\/?p=14816"},"modified":"2024-11-07T10:08:43","modified_gmt":"2024-11-07T13:08:43","slug":"homem-e-morto-durante-operacao-do-7obpm-contra-o-trafico-de-drogas-em-sao-goncalo","status":"publish","type":"post","link":"https:\/\/sgvaimudar.com.br\/index.php\/2024\/11\/07\/homem-e-morto-durante-operacao-do-7obpm-contra-o-trafico-de-drogas-em-sao-goncalo\/","title":{"rendered":"Homem \u00e9 morto durante opera\u00e7\u00e3o do 7\u00baBPM contra o tr\u00e1fico de drogas em S\u00e3o Gon\u00e7alo"},"content":{"rendered":"\n<p><em>Segundo os policiais, um adolescente de 15 anos, tentou fugir com uma mochila com drogas, mas foi preso <\/em><\/p>\n\n\n\n<p id=\"viewer-4reej\">Um homem, de 24 anos, foi morto durante uma opera\u00e7\u00e3o de policiais militares no Morro do Castro, em S\u00e3o Gon\u00e7alo, na manh\u00e3 desta quinta-feira (7\/11). De acordo com a PM, o suspeito tinha envolvimento com o tr\u00e1fico de drogas local.<\/p>\n\n\n\n<p id=\"viewer-ekrf1\">O suspeito foi socorrido e encaminhado ao Hospital Estadual Alberto T\u00f4rres (Heat), no Coluband\u00ea, em S\u00e3o Gon\u00e7alo, mas n\u00e3o resistiu aos ferimentos. Segundo a pol\u00edcia, o homem baleado estava de posse de uma pistola cromada e usava um cinto de guarni\u00e7\u00e3o com coldre.<\/p>\n\n\n\n<p>Conforme a ocorr\u00eancia, a opera\u00e7\u00e3o foi desencadeada pelo Quarto Comando de Policiamento de \u00c1rea (4\u00baCPA), na comunidade do Castro. &#8220;As equipes se dividiram nas comunidades realizando cerco e vasculhamento, com apoio de diversas informa\u00e7\u00f5es oriundas do Disque Den\u00fancia, sobre pontos de venda de drogas e elementos armados&#8221;, informou a PM na nota. <\/p>\n\n\n\n<p><strong>O FATO <\/strong>&#8211; Segundo os policiais, por volta de 7h, as equipes, ao chegarem na Rua M\u00e9xico observaram alguns elementos comercializando drogas nos locais de opera\u00e7\u00e3o. Quando eles realizavam o cerco na comunidade foram atacados a tiros por elementos em motocicletas, tiveram que reagir e houve um confronto.<\/p>\n\n\n\n<p>De acordo com a PM, ap\u00f3s cessar os disparos a equipes encontram Ronaldo Joddy Dias Souza baleado e um adolescente de 15 anos, que tentou fugir com uma mochila com drogas. De imediato foi dado voz de pris\u00e3o ao menor, que n\u00e3o resistiu a pris\u00e3o.<\/p>\n\n\n\n<p><strong>APREENS\u00c3O &#8211; <\/strong>De acordo com a pol\u00edcia, na ocasi\u00e3o foram apreendidos: uma pistola Colt, cal .45, um carregadores cal. 45; sete muni\u00e7\u00f5es cal. 45; 288 pedras de crack; 141 tiras de maconha; 61pinos de coca\u00edna; alm\u00e9m de uma motocicleta Honda CG Titan 160cc 2001, Placa: LUA5F25, que consta como roubada na 75\u00b0 DP, em 19\/01\/2023.<\/p>\n\n\n\n<p>Segundo o comandante do 4\u00baCPA, coronel Sylvio Guerra, a opera\u00e7\u00e3o seguiu todo os protocolos da Argui\u00e7\u00e3o de Descumprimento de Preceito Fundamental (ADPF). <\/p>\n\n\n\n<p>&#8220;O local da pris\u00e3o \u00e9 dominada pela Fac\u00e7\u00e3o Comando Vermelho, onde elementos armados vem praticando roubos em s\u00e9rie na rodovia BR 101, RJ 104 e 106, al\u00e9m de frequentemente a comunidade \u00e9 alvos de den\u00fancias a \u00f3rg\u00e3os p\u00fablicos, pois traficantes obstruem a entrada do servid\u00e3o da vila de casas, impondo rotina de medo e humilha\u00e7\u00e3o aos moradores locais que s\u00e3o obrigados a se identificar e dar explica\u00e7\u00f5es a criminosos armados que restringem o direito de ir e vir dos mesmos&#8221;, afirmou Guerra.<\/p>\n\n\n\n<p><strong><em><sup>S\u00e3o Gon\u00e7alo Vai Mudar. O Maior Portal da Cidade.<\/sup><\/em><\/strong><\/p>\n\n\n\n<figure class=\"wp-block-image size-full\"><img decoding=\"async\" width=\"251\" height=\"88\" src=\"https:\/\/sgvaimudar.com.br\/wp-content\/uploads\/2023\/08\/Logo.png\" alt=\"\" class=\"wp-image-2738\" \/><\/figure>\n\n\n\n<p><\/p>\n","protected":false},"excerpt":{"rendered":"<p>Segundo os policiais, um adolescente de 15 anos, tentou fugir com uma mochila com drogas, mas foi preso Um homem,&hellip;<\/p>\n","protected":false},"author":5,"featured_media":14817,"comment_status":"open","ping_status":"open","sticky":false,"template":"","format":"standard","meta":{"fifu_image_url":"","fifu_image_alt":"","footnotes":""},"categories":[32],"tags":[],"class_list":["post-14816","post","type-post","status-publish","format-standard","has-post-thumbnail","hentry","category-casos-de-policia"],"_links":{"self":[{"href":"https:\/\/sgvaimudar.com.br\/index.php\/wp-json\/wp\/v2\/posts\/14816","targetHints":{"allow":["GET"]}}],"collection":[{"href":"https:\/\/sgvaimudar.com.br\/index.php\/wp-json\/wp\/v2\/posts"}],"about":[{"href":"https:\/\/sgvaimudar.com.br\/index.php\/wp-json\/wp\/v2\/types\/post"}],"author":[{"embeddable":true,"href":"https:\/\/sgvaimudar.com.br\/index.php\/wp-json\/wp\/v2\/users\/5"}],"replies":[{"embeddable":true,"href":"https:\/\/sgvaimudar.com.br\/index.php\/wp-json\/wp\/v2\/comments?post=14816"}],"version-history":[{"count":1,"href":"https:\/\/sgvaimudar.com.br\/index.php\/wp-json\/wp\/v2\/posts\/14816\/revisions"}],"predecessor-version":[{"id":14818,"href":"https:\/\/sgvaimudar.com.br\/index.php\/wp-json\/wp\/v2\/posts\/14816\/revisions\/14818"}],"wp:featuredmedia":[{"embeddable":true,"href":"https:\/\/sgvaimudar.com.br\/index.php\/wp-json\/wp\/v2\/media\/14817"}],"wp:attachment":[{"href":"https:\/\/sgvaimudar.com.br\/index.php\/wp-json\/wp\/v2\/media?parent=14816"}],"wp:term":[{"taxonomy":"category","embeddable":true,"href":"https:\/\/sgvaimudar.com.br\/index.php\/wp-json\/wp\/v2\/categories?post=14816"},{"taxonomy":"post_tag","embeddable":true,"href":"https:\/\/sgvaimudar.com.br\/index.php\/wp-json\/wp\/v2\/tags?post=14816"}],"curies":[{"name":"wp","href":"https:\/\/api.w.org\/{rel}","templated":true}]}}