{"id":14809,"date":"2024-11-07T09:15:21","date_gmt":"2024-11-07T12:15:21","guid":{"rendered":"https:\/\/sgvaimudar.com.br\/?p=14809"},"modified":"2024-11-07T09:24:48","modified_gmt":"2024-11-07T12:24:48","slug":"detran-rj-inaugura-posto-de-identificacao-civil-para-recem-nascidos-na-maternidade-doutor-mario-niajar-em-alcantara","status":"publish","type":"post","link":"https:\/\/sgvaimudar.com.br\/index.php\/2024\/11\/07\/detran-rj-inaugura-posto-de-identificacao-civil-para-recem-nascidos-na-maternidade-doutor-mario-niajar-em-alcantara\/","title":{"rendered":"Capit\u00e3o Nelson participa de inaugura\u00e7\u00e3o de posto do Detran-RJ de identifica\u00e7\u00e3o civil para rec\u00e9m-nascidos na Maternidade Doutor M\u00e1rio Niajar, em Alc\u00e2ntara"},"content":{"rendered":"\n<p><em>Beb\u00eas v\u00e3o ganhar carteira de identidade logo nos primeiros dias de vida e pais tamb\u00e9m poder\u00e3o renovar a documenta\u00e7\u00e3o<\/em><\/p>\n\n\n\n<p>Com apenas 48 horas de vida, a pequena Isabella Fraz\u00e3o de Azevedo foi a primeira beb\u00ea a tirar a carteira de identidade no novo posto de atendimento do Detran.RJ em maternidades p\u00fablicas da Maternidade Doutor M\u00e1rio Niajar, no bairro do Alc\u00e2ntara, em S\u00e3o Gon\u00e7alo. A inaugura\u00e7\u00e3o do servi\u00e7o ocorreu nesta quarta-feira (6\/11) e seu principal objetivo \u00e9 combater o problema do sub-registro civil da popula\u00e7\u00e3o brasileira e, com isso, ampliar o acesso aos direitos sociais.<\/p>\n\n\n\n<figure class=\"wp-block-image size-large\"><img fetchpriority=\"high\" decoding=\"async\" width=\"1024\" height=\"682\" src=\"https:\/\/sgvaimudar.com.br\/wp-content\/uploads\/2024\/11\/WhatsApp-Image-2024-11-06-at-16.50.40-1024x682.jpeg\" alt=\"\" class=\"wp-image-14810\" srcset=\"https:\/\/sgvaimudar.com.br\/wp-content\/uploads\/2024\/11\/WhatsApp-Image-2024-11-06-at-16.50.40-1024x682.jpeg 1024w, https:\/\/sgvaimudar.com.br\/wp-content\/uploads\/2024\/11\/WhatsApp-Image-2024-11-06-at-16.50.40-300x200.jpeg 300w, https:\/\/sgvaimudar.com.br\/wp-content\/uploads\/2024\/11\/WhatsApp-Image-2024-11-06-at-16.50.40-768x512.jpeg 768w, https:\/\/sgvaimudar.com.br\/wp-content\/uploads\/2024\/11\/WhatsApp-Image-2024-11-06-at-16.50.40-1536x1023.jpeg 1536w, https:\/\/sgvaimudar.com.br\/wp-content\/uploads\/2024\/11\/WhatsApp-Image-2024-11-06-at-16.50.40.jpeg 1600w\" sizes=\"(max-width: 1024px) 100vw, 1024px\" \/><\/figure>\n\n\n\n<p>Com 3,7kg e 53cm, Isabella posou tranquila para a foto e n\u00e3o reclamou na hora de registrar as impress\u00f5es digitais. A m\u00e3e, a t\u00e9cnica de enfermagem Loryane Fraz\u00e3o, se disse orgulhosa: \u201c\u00c9 um privil\u00e9gio poder fazer a identidade da minha filha aqui na maternidade e inaugurar esse atendimento t\u00e3o importante. \u00c9 bem mais pr\u00e1tico e indico para todas as m\u00e3es\u201d.<\/p>\n\n\n\n<p>Primeiro de S\u00e3o Gon\u00e7alo, este foi o 16\u00ba posto de identifica\u00e7\u00e3o civil aberto pelo Detran.RJ em maternidades p\u00fablicas, que permite a emiss\u00e3o da carteira de identidade dos beb\u00eas logo ap\u00f3s o nascimento. Os outros s\u00e3o na capital, na Baixada Fluminense, em Niter\u00f3i e em Saquarema.&nbsp;<\/p>\n\n\n\n<p>O presidente do Detran.RJ, Glaucio Paz, informou que os rec\u00e9m-nascidos j\u00e1 v\u00e3o receber a nova Carteira de Identidade Nacional (CIN) &#8211; que tem o CPF como n\u00famero \u00fanico de identifica\u00e7\u00e3o em todo o territ\u00f3rio nacional -, e os pais dessas crian\u00e7as tamb\u00e9m v\u00e3o poder tirar a primeira ou a segunda via de suas carteiras de identidade, caso n\u00e3o tenham o documento ou ele esteja muito antigo.<\/p>\n\n\n\n<p>\u201c\u00c9 uma determina\u00e7\u00e3o do governador Cl\u00e1udio Castro que o Detran atenda com prioridade a popula\u00e7\u00e3o mais carente. Fico feliz de inaugurar este posto porque os beb\u00eas, que j\u00e1 sa\u00edam daqui com a certid\u00e3o de nascimento, agora tamb\u00e9m v\u00e3o sair com a nova identifica\u00e7\u00e3o civil nacional. E seus pais, se porventura n\u00e3o tiverem a carteira ou tiverem uma antiga, tamb\u00e9m v\u00e3o poder realizar o servi\u00e7o e tirar a CIN\u201d, disse Paz.<\/p>\n\n\n\n<p>Presente na entrega, o prefeito Capit\u00e3o Nelson, avaliou que o posto \u00e9 mais um ganho para a popula\u00e7\u00e3o gon\u00e7alense. \u201cAntes, a crian\u00e7a sa\u00eda com a certid\u00e3o de nascimento. Agora, j\u00e1 sai com a identidade. A cada dia que passa, a gente d\u00e1 um passo \u00e0 frente. Nessa grande parceria que a gente faz com o Governo do Estado, a popula\u00e7\u00e3o gon\u00e7alense s\u00f3 tem a ganhar. E n\u00f3s vamos estar sempre de bra\u00e7os abertos para trazer os benef\u00edcios para a popula\u00e7\u00e3o\u201d, afirmou o prefeito.<\/p>\n\n\n\n<p>\u201cA gente est\u00e1 em um momento importante porque sabemos o quanto \u00e9 significativo ter as notifica\u00e7\u00f5es dos beb\u00eas. A gente esbarra com pais que n\u00e3o t\u00eam a documenta\u00e7\u00e3o atualizada. Com esse posto, os pais e os filhos poder\u00e3o sair da maternidade com a identifica\u00e7\u00e3o civil e o registro. \u00c9 muito importante para n\u00e3o ter mais esse sub-registro que a gente acompanha na maternidade\u201d, explicou a secret\u00e1ria de Sa\u00fade da Prefeitura de S\u00e3o Gon\u00e7alo, Dra. Bianca Serour.<\/p>\n\n\n\n<p>Tamb\u00e9m estiveram presentes: a promotora Fernanda Louise da Silva, da Promotoria da Inf\u00e2ncia e Adolesc\u00eancia; o diretor de Identifica\u00e7\u00e3o Civil do Detran, Pedro Paulo Thompson; e a secret\u00e1ria de Sa\u00fade de S\u00e3o Gon\u00e7alo, Bianca Sereour, al\u00e9m de diretores da maternidade, que faz cerca de 300 partos por m\u00eas e recebe gestantes de S\u00e3o Gon\u00e7alo e munic\u00edpios vizinhos, como Itabora\u00ed, Rio Bonito e Maric\u00e1.<\/p>\n\n\n\n<p>O Detran.RJ participa de a\u00e7\u00f5es de registro civil da popula\u00e7\u00e3o em parceria com o Tribunal de Justi\u00e7a do Estado, o Minist\u00e9rio P\u00fablico do Estado, a Defensoria P\u00fablica e outros \u00f3rg\u00e3os. No Centro de Atendimento Integrado a Pessoas em Situa\u00e7\u00e3o de Rua (Cipop), na Central do Brasil, j\u00e1 foram atendidas cerca de 2,5 mil pessoas, desde abril deste 2024, quando o espa\u00e7o foi inaugurado.<\/p>\n\n\n\n<p>Al\u00e9m da Maternidade Doutor M\u00e1rio Niajar, em Alc\u00e2ntara, j\u00e1 possuem postos de identifica\u00e7\u00e3o civil de rec\u00e9m-nascidos as seguintes maternidades fluminenses: Maternidade Santa Cruz da Serra, em Duque de Caxias; Hospital Fernando Magalh\u00e3es, em S\u00e3o Crist\u00f3v\u00e3o; Hospital Ad\u00e3o Pereira Nunes, em Duque de Caxias; Mariska Ribeiro, em Bangu.<\/p>\n\n\n\n<p>Tamb\u00e9m h\u00e1 postos em;\u00a0 Maria Am\u00e9lia, no Centro do Rio; Mariana Bulh\u00f5es, em Nova Igua\u00e7u; Hospital Municipal Rocha Faria, em Campo Grande; Hospital Estadual da M\u00e3e, em Mesquita; Hospital Municipal Albert Schweitzer, em Realengo; Hospital da Mulher Heloneida Studart (HMHS).<\/p>\n\n\n\n<p>Em S\u00e3o Jo\u00e3o de Meriti; Hospital Estadual Azevedo Lima, em Niter\u00f3i; Alexander Fleming, em Marechal Hermes; Hospital dos Lagos, em Bacax\u00e1, Saquarema; Hospital Municipal Pedro II, em Santa Cruz; e Hospital Maternidade Herculano Pinheiro, da rede municipal, em Madureira.<\/p>\n\n\n\n<p><strong><em><sup>S\u00e3o Gon\u00e7alo Vai Mudar. O Maior Portal da Cidade.<\/sup><\/em><\/strong><\/p>\n\n\n\n<figure class=\"wp-block-image size-full\"><img decoding=\"async\" width=\"251\" height=\"88\" src=\"https:\/\/sgvaimudar.com.br\/wp-content\/uploads\/2023\/08\/Logo.png\" alt=\"\" class=\"wp-image-2738\" \/><\/figure>\n","protected":false},"excerpt":{"rendered":"<p>Beb\u00eas v\u00e3o ganhar carteira de identidade logo nos primeiros dias de vida e pais tamb\u00e9m poder\u00e3o renovar a documenta\u00e7\u00e3o Com&hellip;<\/p>\n","protected":false},"author":5,"featured_media":14814,"comment_status":"open","ping_status":"open","sticky":false,"template":"","format":"standard","meta":{"fifu_image_url":"","fifu_image_alt":"","footnotes":""},"categories":[3],"tags":[],"class_list":["post-14809","post","type-post","status-publish","format-standard","has-post-thumbnail","hentry","category-sao-goncalo"],"_links":{"self":[{"href":"https:\/\/sgvaimudar.com.br\/index.php\/wp-json\/wp\/v2\/posts\/14809","targetHints":{"allow":["GET"]}}],"collection":[{"href":"https:\/\/sgvaimudar.com.br\/index.php\/wp-json\/wp\/v2\/posts"}],"about":[{"href":"https:\/\/sgvaimudar.com.br\/index.php\/wp-json\/wp\/v2\/types\/post"}],"author":[{"embeddable":true,"href":"https:\/\/sgvaimudar.com.br\/index.php\/wp-json\/wp\/v2\/users\/5"}],"replies":[{"embeddable":true,"href":"https:\/\/sgvaimudar.com.br\/index.php\/wp-json\/wp\/v2\/comments?post=14809"}],"version-history":[{"count":2,"href":"https:\/\/sgvaimudar.com.br\/index.php\/wp-json\/wp\/v2\/posts\/14809\/revisions"}],"predecessor-version":[{"id":14815,"href":"https:\/\/sgvaimudar.com.br\/index.php\/wp-json\/wp\/v2\/posts\/14809\/revisions\/14815"}],"wp:featuredmedia":[{"embeddable":true,"href":"https:\/\/sgvaimudar.com.br\/index.php\/wp-json\/wp\/v2\/media\/14814"}],"wp:attachment":[{"href":"https:\/\/sgvaimudar.com.br\/index.php\/wp-json\/wp\/v2\/media?parent=14809"}],"wp:term":[{"taxonomy":"category","embeddable":true,"href":"https:\/\/sgvaimudar.com.br\/index.php\/wp-json\/wp\/v2\/categories?post=14809"},{"taxonomy":"post_tag","embeddable":true,"href":"https:\/\/sgvaimudar.com.br\/index.php\/wp-json\/wp\/v2\/tags?post=14809"}],"curies":[{"name":"wp","href":"https:\/\/api.w.org\/{rel}","templated":true}]}}