{"id":14802,"date":"2024-11-07T08:55:11","date_gmt":"2024-11-07T11:55:11","guid":{"rendered":"https:\/\/sgvaimudar.com.br\/?p=14802"},"modified":"2024-11-07T08:55:12","modified_gmt":"2024-11-07T11:55:12","slug":"cresce-o-numero-de-estagiarios-e-aprendizes-no-mercado-de-trabalho","status":"publish","type":"post","link":"https:\/\/sgvaimudar.com.br\/index.php\/2024\/11\/07\/cresce-o-numero-de-estagiarios-e-aprendizes-no-mercado-de-trabalho\/","title":{"rendered":"Cresce o n\u00famero de estagi\u00e1rios e aprendizes no mercado de trabalho"},"content":{"rendered":"\n<p><em>Especialistas explicam sobre as formas de contrata\u00e7\u00e3o segura em evento na CDL Niter\u00f3i, e a contrata\u00e7\u00e3o de estagi\u00e1rios +50 tamb\u00e9m foi abordada. Pr\u00f3ximo Caf\u00e9 Empresarial est\u00e1 marcado para a pr\u00f3xima ter\u00e7a (12), na Regi\u00e3o Oce\u00e2nica<\/em><\/p>\n\n\n\n<p>O Centro de Integra\u00e7\u00e3o Empresa Escola do Rio de Janeiro, o CIEE Rio, divulgou que j\u00e1 s\u00e3o mais de 17mil aprendizes e 33 mil estagi\u00e1rios contratados em todo o estado, alcan\u00e7ando mais de 50 mil jovens atendidos nos dois programas somente este ano, o que pode ser considerado por especialistas uma alavancagem no mercado de trabalho e desenvolvimento financeiro. <\/p>\n\n\n\n<figure class=\"wp-block-image size-large\"><img fetchpriority=\"high\" decoding=\"async\" width=\"1024\" height=\"768\" src=\"https:\/\/sgvaimudar.com.br\/wp-content\/uploads\/2024\/11\/WhatsApp-Image-2024-11-06-at-10.32.00-1024x768.jpeg\" alt=\"\" class=\"wp-image-14804\" srcset=\"https:\/\/sgvaimudar.com.br\/wp-content\/uploads\/2024\/11\/WhatsApp-Image-2024-11-06-at-10.32.00-1024x768.jpeg 1024w, https:\/\/sgvaimudar.com.br\/wp-content\/uploads\/2024\/11\/WhatsApp-Image-2024-11-06-at-10.32.00-300x225.jpeg 300w, https:\/\/sgvaimudar.com.br\/wp-content\/uploads\/2024\/11\/WhatsApp-Image-2024-11-06-at-10.32.00-768x576.jpeg 768w, https:\/\/sgvaimudar.com.br\/wp-content\/uploads\/2024\/11\/WhatsApp-Image-2024-11-06-at-10.32.00-1536x1152.jpeg 1536w, https:\/\/sgvaimudar.com.br\/wp-content\/uploads\/2024\/11\/WhatsApp-Image-2024-11-06-at-10.32.00.jpeg 1600w\" sizes=\"(max-width: 1024px) 100vw, 1024px\" \/><\/figure>\n\n\n\n<p>As pessoas com mais de 50 anos tamb\u00e9m representam uma fatia importante nos n\u00fameros, o que vem chamando a aten\u00e7\u00e3o de especialistas. O tema entrou em pauta no Caf\u00e9 Empresarial desta ter\u00e7a (05), na CDL Niter\u00f3i, com a palestra ministrada pelo superintendente Executivo do CIEE Rio, Luiz Gustavo Coppola, e da gerente de Aprendizagem Luciane da Cruz.<\/p>\n\n\n\n<p>O encontro abriu as portas para o an\u00fancio da mais nova parceria selada entre a CDL e o CIEE Rio, e trouxe orienta\u00e7\u00f5es detalhadas sobre os tipos de contrata\u00e7\u00f5es com base nas leis para que as empresas evitem autua\u00e7\u00f5es do Minist\u00e9rio do Trabalho, no tocante ao cumprimento da Lei da Aprendizagem, al\u00e9m de d\u00favidas recorrentes dos empres\u00e1rios sobre a Lei de Est\u00e1gio, que tamb\u00e9m foram esclarecidas. Coppola tamb\u00e9m aproveitou a oportunidade para desmistificar os riscos destes tipos de contrata\u00e7\u00f5es.<\/p>\n\n\n\n<p>\u201cO nosso objetivo \u00e9 ajudar as empresas a qualificarem a m\u00e3o-de-obra de acordo com as legisla\u00e7\u00f5es, diminuindo seus custos e aumentando as receitas. Com isso, fazemos com que mais pessoas possam ingressar mais cedo ao mercado de trabalho, como \u00e9 o caso dos estagi\u00e1rios, e outras reingressarem, como \u00e9 o caso dos +50\u201d, disse Coppola ao registrar que a organiza\u00e7\u00e3o do terceiro setor se faz presente em 84 munic\u00edpios do estado.<\/p>\n\n\n\n<p><strong>De olho na Aprendizagem Profissional<\/strong><\/p>\n\n\n\n<p>Dados recentes revelam que mais de 6 mil empresas receberam autua\u00e7\u00f5es do Minist\u00e9rio do Trabalho e ter\u00e3o de se adequar para as contrata\u00e7\u00f5es no cumprimento de cotas, o que fez valer um aumento consider\u00e1vel de aprendizes inseridos no mercado de trabalho. S\u00f3 no CIEE Rio, s\u00e3o 17 mil jovens com contrato ativo, segundo a pr\u00f3pria institui\u00e7\u00e3o.<\/p>\n\n\n\n<p>\u201cSe todas as empresas aderissem ao que diz a legisla\u00e7\u00e3o, ter\u00edamos hoje no estado um total de 82.830 contratados, com mais gera\u00e7\u00e3o de renda local. Hoje o Rio tem uma m\u00e9dia de 45 mil estudantes em cumprimento da cota de aprendizagem\u201d, finalizou Coppola.<\/p>\n\n\n\n<p>O CIEE Rio tamb\u00e9m se encarrega de orientar as empresas sobre a lei de licita\u00e7\u00f5es e as certid\u00f5es de regularidade do MTE, e tamb\u00e9m orienta as empresas parceiras em caso de fiscaliza\u00e7\u00f5es, al\u00e9m de cuidar de todas as etapas para a contrata\u00e7\u00e3o do aprendiz, desde a cria\u00e7\u00e3o dos conv\u00eanios at\u00e9 abertura de vagas, recrutamento, sele\u00e7\u00e3o e inser\u00e7\u00e3o nas turmas de aprendizagem.<\/p>\n\n\n\n<p>\u201cExistem v\u00e1rias formas de contrata\u00e7\u00e3o e com o CIEE Empregador, as empresas t\u00eam uma conformidade legal, efici\u00eancia operacional e administrativa, suporte nas fiscaliza\u00e7\u00f5es, imunidade tribut\u00e1ria e in\u00fameros benef\u00edcios\u201d, esclareceu Luciane da Cruz, que tamb\u00e9m \u00e9 psic\u00f3loga e especialista em Gest\u00e3o de Pessoas.<\/p>\n\n\n\n<p>Dentre os benef\u00edcios para os estudantes, est\u00e3o os cursos preparat\u00f3rios, o programa Jovem Alerta, que realiza uma esp\u00e9cie de pr\u00e9-aprendizagem, preparando o jovem para sua primeira oportunidade, al\u00e9m de servi\u00e7os de orienta\u00e7\u00e3o psicol\u00f3gica, descontos em farm\u00e1cias e conv\u00eanio SESC atrav\u00e9s da parceria com a Fecom\u00e9rcio.<\/p>\n\n\n\n<p>Para fechar a tem\u00e1tica, o economista e professor de finan\u00e7as, Enrico Rodrigues falou sobre a gest\u00e3o financeira nas empresas e realizou o lan\u00e7amento de seu novo livro, \u201cIntrodu\u00e7\u00e3o a finan\u00e7as: fundamentos e pr\u00e1ticas\u201d .<\/p>\n\n\n\n<p>O encontro tamb\u00e9m contou com uma rodada de neg\u00f3cios e o apoio dos parceiros do Sebrae, que anunciaram a abertura das inscri\u00e7\u00f5es para mais uma edi\u00e7\u00e3o do Empretec, previsto para abril de 2025 e do Sicoob, que anunciaram as taxas diferenciadas para empres\u00e1rios e associadas. <\/p>\n\n\n\n<p><strong><em><sup>S\u00e3o Gon\u00e7alo Vai Mudar. O Maior Portal da Cidade.<\/sup><\/em><\/strong><\/p>\n\n\n\n<figure class=\"wp-block-image size-full\"><img decoding=\"async\" width=\"251\" height=\"88\" src=\"https:\/\/sgvaimudar.com.br\/wp-content\/uploads\/2023\/08\/Logo.png\" alt=\"\" class=\"wp-image-2738\" \/><\/figure>\n","protected":false},"excerpt":{"rendered":"<p>Especialistas explicam sobre as formas de contrata\u00e7\u00e3o segura em evento na CDL Niter\u00f3i, e a contrata\u00e7\u00e3o de estagi\u00e1rios +50 tamb\u00e9m&hellip;<\/p>\n","protected":false},"author":5,"featured_media":14803,"comment_status":"open","ping_status":"open","sticky":false,"template":"","format":"standard","meta":{"fifu_image_url":"","fifu_image_alt":"","footnotes":""},"categories":[34],"tags":[],"class_list":["post-14802","post","type-post","status-publish","format-standard","has-post-thumbnail","hentry","category-niteroi"],"_links":{"self":[{"href":"https:\/\/sgvaimudar.com.br\/index.php\/wp-json\/wp\/v2\/posts\/14802","targetHints":{"allow":["GET"]}}],"collection":[{"href":"https:\/\/sgvaimudar.com.br\/index.php\/wp-json\/wp\/v2\/posts"}],"about":[{"href":"https:\/\/sgvaimudar.com.br\/index.php\/wp-json\/wp\/v2\/types\/post"}],"author":[{"embeddable":true,"href":"https:\/\/sgvaimudar.com.br\/index.php\/wp-json\/wp\/v2\/users\/5"}],"replies":[{"embeddable":true,"href":"https:\/\/sgvaimudar.com.br\/index.php\/wp-json\/wp\/v2\/comments?post=14802"}],"version-history":[{"count":1,"href":"https:\/\/sgvaimudar.com.br\/index.php\/wp-json\/wp\/v2\/posts\/14802\/revisions"}],"predecessor-version":[{"id":14805,"href":"https:\/\/sgvaimudar.com.br\/index.php\/wp-json\/wp\/v2\/posts\/14802\/revisions\/14805"}],"wp:featuredmedia":[{"embeddable":true,"href":"https:\/\/sgvaimudar.com.br\/index.php\/wp-json\/wp\/v2\/media\/14803"}],"wp:attachment":[{"href":"https:\/\/sgvaimudar.com.br\/index.php\/wp-json\/wp\/v2\/media?parent=14802"}],"wp:term":[{"taxonomy":"category","embeddable":true,"href":"https:\/\/sgvaimudar.com.br\/index.php\/wp-json\/wp\/v2\/categories?post=14802"},{"taxonomy":"post_tag","embeddable":true,"href":"https:\/\/sgvaimudar.com.br\/index.php\/wp-json\/wp\/v2\/tags?post=14802"}],"curies":[{"name":"wp","href":"https:\/\/api.w.org\/{rel}","templated":true}]}}