{"id":14729,"date":"2024-11-05T19:00:00","date_gmt":"2024-11-05T22:00:00","guid":{"rendered":"https:\/\/sgvaimudar.com.br\/?p=14729"},"modified":"2024-11-05T10:52:36","modified_gmt":"2024-11-05T13:52:36","slug":"parque-paleontologico-de-itaborai-avanca-na-recuperacao-ambiental-com-65-mil-mudas-plantadas","status":"publish","type":"post","link":"https:\/\/sgvaimudar.com.br\/index.php\/2024\/11\/05\/parque-paleontologico-de-itaborai-avanca-na-recuperacao-ambiental-com-65-mil-mudas-plantadas\/","title":{"rendered":"Parque Paleontol\u00f3gico de Itabora\u00ed Avan\u00e7a na Recupera\u00e7\u00e3o Ambiental com 65 Mil Mudas Plantadas"},"content":{"rendered":"\n<p>Agentes da Secretaria de Estado do Ambiente e Sustentabilidade (SEAS) e do Instituto de Desenvolvimento e Gest\u00e3o (IDG) realizaram, nesta segunda-feira (04\/11), uma vistoria na \u00e1rea de reflorestamento do Parque Natural Municipal Paleontol\u00f3gico de S\u00e3o Jos\u00e9 de Itabora\u00ed (PNMPSJI), no distrito de Cabu\u00e7u.<\/p>\n\n\n\n<figure class=\"wp-block-image size-large\"><img fetchpriority=\"high\" decoding=\"async\" width=\"1024\" height=\"684\" src=\"https:\/\/sgvaimudar.com.br\/wp-content\/uploads\/2024\/11\/Parque-Paleontologico-de-Itaborai-avanca-na-recuperacao-ambiental-com-65-mil-mudas-plantadas-1024x684.jpeg\" alt=\"\" class=\"wp-image-14730\" srcset=\"https:\/\/sgvaimudar.com.br\/wp-content\/uploads\/2024\/11\/Parque-Paleontologico-de-Itaborai-avanca-na-recuperacao-ambiental-com-65-mil-mudas-plantadas-1024x684.jpeg 1024w, https:\/\/sgvaimudar.com.br\/wp-content\/uploads\/2024\/11\/Parque-Paleontologico-de-Itaborai-avanca-na-recuperacao-ambiental-com-65-mil-mudas-plantadas-300x200.jpeg 300w, https:\/\/sgvaimudar.com.br\/wp-content\/uploads\/2024\/11\/Parque-Paleontologico-de-Itaborai-avanca-na-recuperacao-ambiental-com-65-mil-mudas-plantadas-768x513.jpeg 768w, https:\/\/sgvaimudar.com.br\/wp-content\/uploads\/2024\/11\/Parque-Paleontologico-de-Itaborai-avanca-na-recuperacao-ambiental-com-65-mil-mudas-plantadas-1536x1025.jpeg 1536w, https:\/\/sgvaimudar.com.br\/wp-content\/uploads\/2024\/11\/Parque-Paleontologico-de-Itaborai-avanca-na-recuperacao-ambiental-com-65-mil-mudas-plantadas.jpeg 1600w\" sizes=\"(max-width: 1024px) 100vw, 1024px\" \/><\/figure>\n\n\n\n<p>O Programa Florestas do Amanh\u00e3 acontece em uma parceria entre a Prefeitura de Itabora\u00ed e a SEAS, que tem como objetivo \u00a0monitorar o reflorestamento de toda a \u00e1rea que abrange o Parque, contribuindo para a normaliza\u00e7\u00e3o do ecossistema.<\/p>\n\n\n\n<p>O secret\u00e1rio de Estado do Ambiente e Sustentabilidade, Bernardo Rossi, destacou a import\u00e2ncia da parceria com a prefeitura e ressaltou ainda que o Rio de Janeiro apresentou 68% de redu\u00e7\u00e3o no desmatamento das \u00e1reas de Mata Atl\u00e2ntica em todo o seu territ\u00f3rio no ano passado.&nbsp;<\/p>\n\n\n\n<p>&nbsp;\u201cAs florestas t\u00eam papel essencial para a regula\u00e7\u00e3o do clima, para seguran\u00e7a h\u00eddrica, preven\u00e7\u00e3o de inunda\u00e7\u00f5es e deslizamentos. S\u00e3o fundamentais &nbsp;para mitigarmos os impactos das mudan\u00e7as clim\u00e1ticas.&nbsp; Desde que cheguei \u00e0 Secretaria de Estado do Ambiente e Sustentabilidade, o trabalho tem sido &nbsp;n\u00e3o apenas pela preserva\u00e7\u00e3o, fortalecendo as a\u00e7\u00f5es de fiscaliza\u00e7\u00e3o e combate aos crimes ambientais, mas tamb\u00e9m com &nbsp;investimentos em projetos de recupera\u00e7\u00e3o ambiental. Isso evidencia o compromisso da gest\u00e3o do governador Cl\u00e1udio Castro com a preserva\u00e7\u00e3o do ambiente e consolida o avan\u00e7o do estado &nbsp;no combate aos crimes ambientais\u201d, pontua o secret\u00e1rio de Estado.<\/p>\n\n\n\n<p>&nbsp;Vale destacar que esse trabalho do Programa Florestas do Amanh\u00e3, em Itabora\u00ed, acontece desde 2021, em uma \u00e1rea com mais de 32 hectares, que est\u00e1 recebendo plantio de mudas de diversas esp\u00e9cies nativas da Mata Atl\u00e2ntica. At\u00e9 o momento mais de 65 mil mudas j\u00e1 foram plantadas, entre elas Aroeira, Ing\u00e1, Guapuruvu, Paineira e Ip\u00ea.<\/p>\n\n\n\n<p>&nbsp;O paleont\u00f3logo e gestor do parque, Lu\u00eds Ot\u00e1vio Castro, destacou a import\u00e2ncia do reflorestamento para os dias atuais e tamb\u00e9m para as futuras gera\u00e7\u00f5es.<\/p>\n\n\n\n<p>&nbsp;&#8220;Acredito que o munic\u00edpio s\u00f3 tem a ganhar quando a gente investe em reflorestamento. Hoje a gente est\u00e1 em uma linha que precisamos realmente preservar a natureza, e a\u00e7\u00f5es como essa concretizam o nosso objetivo. Investir em preserva\u00e7\u00e3o ambiental \u00e9 uma sa\u00edda para investir no futuro da atual e das novas gera\u00e7\u00f5es. N\u00f3s temos nos empenhado nesse papel de recompor a vegeta\u00e7\u00e3o que foi devastada no passado, dentro da unidade de conserva\u00e7\u00e3o, que \u00e9 o Parque Paleontol\u00f3gico de S\u00e3o Jos\u00e9 de Itabora\u00ed, pensando n\u00e3o somente na fauna e na flora, mas tamb\u00e9m como um reservat\u00f3rio h\u00eddrico, porque plantar \u00e1rvores, \u00e9 plantar \u00e1gua. Esse \u00e9 um projeto que tamb\u00e9m tem uma vertente de educa\u00e7\u00e3o, pois n\u00f3s apresentamos essa \u00e1rea para todos os visitantes e mostramos que ela est\u00e1 passando por um processo de regenera\u00e7\u00e3o e transforma\u00e7\u00e3o ambiental e tem surtido grandes efeitos ambientais e socioambientais&#8221;, explicou o gestor do parque.<\/p>\n\n\n\n<p>Vale destacar que dentro do parque existe uma lagoa com a capacidade de reservar milh\u00f5es de metros c\u00fabicos de \u00e1gua, para eventuais necessidades. Tamb\u00e9m \u00e9 importante informar que &nbsp;inicialmente o monitoramento da \u00e1rea de reflorestamento do parque era feito mensalmente, ainda durante o primeiro ano passou a ser realizado bimestralmente e neste momento acontece a cada tr\u00eas meses e &nbsp;se estender\u00e1 at\u00e9 o final da restaura\u00e7\u00e3o, em 2026.<\/p>\n\n\n\n<p>O Bi\u00f3logo do Instituto de Desenvolvimento e Gest\u00e3o (IDG), Rafael Dellamare, que realizou este trabalho em toda a \u00e1rea de reflorestamento, explicou a necessidade da a\u00e7\u00e3o e a import\u00e2ncia do parque realizar a\u00e7\u00f5es educacionais.<\/p>\n\n\n\n<p>&#8220;Esse trabalho \u00e9 uma compensa\u00e7\u00e3o do Comperj, e atrav\u00e9s de um termo de ajuste de conduta, essa \u00e9 uma das \u00e1reas selecionadas para receber a restaura\u00e7\u00e3o. \u00c9 uma \u00e1rea que tem um apelo ecol\u00f3gico grande, se tratando de mudan\u00e7as clim\u00e1ticas e floresta urbana, ent\u00e3o \u00e9 uma das poucas \u00e1reas que a gente ainda tem possibilidade de fazer esse tipo de trabalho. Essa \u00e9 uma \u00e1rea grande, que tem uma visita\u00e7\u00e3o relevante, por conta da parte educacional. Ent\u00e3o a import\u00e2ncia se d\u00e1 a toda essa quest\u00e3o do aprendizado, das crian\u00e7as, que podem ver a floresta crescer. \u00c9 s\u00f3 ganho&#8221;, finalizou o bi\u00f3logo.<\/p>\n\n\n\n<p>Gerido pela Prefeitura de Itabora\u00ed, por meio da Secretaria Municipal de Meio Ambiente e Urbanismo (SEMAU), o Parque Paleontol\u00f3gico foi criado com o objetivo de salvaguardar uma bacia sedimentar de rochas calc\u00e1rias de milh\u00f5es de anos, rica em f\u00f3sseis de vegetais, aves, anf\u00edbios, r\u00e9pteis e mam\u00edferos, o parque \u00e9 um dos mais importantes jazigos de f\u00f3sseis do Brasil.<\/p>\n\n\n\n<p>Para agendar uma visita ao parque, basta enviar e-mail para (<a rel=\"noreferrer noopener\" href=\"mailto:visitas@ppsji.itaborai.rj.gov.br\" target=\"_blank\">visitas@ppsji.itaborai.rj.gov.br<\/a>). A unidade de conserva\u00e7\u00e3o fica localizada na Rua Jos\u00e9 de Almeida, em S\u00e3o Jos\u00e9.<\/p>\n\n\n\n<p><strong><em><sup>S\u00e3o Gon\u00e7alo Vai Mudar. O Maior Portal da Cidade.<\/sup><\/em><\/strong><\/p>\n\n\n\n<figure class=\"wp-block-image size-full\"><img decoding=\"async\" width=\"251\" height=\"88\" src=\"https:\/\/sgvaimudar.com.br\/wp-content\/uploads\/2023\/08\/Logo.png\" alt=\"\" class=\"wp-image-2738\" \/><\/figure>\n","protected":false},"excerpt":{"rendered":"<p>Agentes da Secretaria de Estado do Ambiente e Sustentabilidade (SEAS) e do Instituto de Desenvolvimento e Gest\u00e3o (IDG) realizaram, nesta&hellip;<\/p>\n","protected":false},"author":5,"featured_media":14731,"comment_status":"open","ping_status":"open","sticky":false,"template":"","format":"standard","meta":{"fifu_image_url":"","fifu_image_alt":"","footnotes":""},"categories":[36],"tags":[],"class_list":["post-14729","post","type-post","status-publish","format-standard","has-post-thumbnail","hentry","category-bem-estar"],"_links":{"self":[{"href":"https:\/\/sgvaimudar.com.br\/index.php\/wp-json\/wp\/v2\/posts\/14729","targetHints":{"allow":["GET"]}}],"collection":[{"href":"https:\/\/sgvaimudar.com.br\/index.php\/wp-json\/wp\/v2\/posts"}],"about":[{"href":"https:\/\/sgvaimudar.com.br\/index.php\/wp-json\/wp\/v2\/types\/post"}],"author":[{"embeddable":true,"href":"https:\/\/sgvaimudar.com.br\/index.php\/wp-json\/wp\/v2\/users\/5"}],"replies":[{"embeddable":true,"href":"https:\/\/sgvaimudar.com.br\/index.php\/wp-json\/wp\/v2\/comments?post=14729"}],"version-history":[{"count":1,"href":"https:\/\/sgvaimudar.com.br\/index.php\/wp-json\/wp\/v2\/posts\/14729\/revisions"}],"predecessor-version":[{"id":14732,"href":"https:\/\/sgvaimudar.com.br\/index.php\/wp-json\/wp\/v2\/posts\/14729\/revisions\/14732"}],"wp:featuredmedia":[{"embeddable":true,"href":"https:\/\/sgvaimudar.com.br\/index.php\/wp-json\/wp\/v2\/media\/14731"}],"wp:attachment":[{"href":"https:\/\/sgvaimudar.com.br\/index.php\/wp-json\/wp\/v2\/media?parent=14729"}],"wp:term":[{"taxonomy":"category","embeddable":true,"href":"https:\/\/sgvaimudar.com.br\/index.php\/wp-json\/wp\/v2\/categories?post=14729"},{"taxonomy":"post_tag","embeddable":true,"href":"https:\/\/sgvaimudar.com.br\/index.php\/wp-json\/wp\/v2\/tags?post=14729"}],"curies":[{"name":"wp","href":"https:\/\/api.w.org\/{rel}","templated":true}]}}