{"id":14707,"date":"2024-11-05T10:09:53","date_gmt":"2024-11-05T13:09:53","guid":{"rendered":"https:\/\/sgvaimudar.com.br\/?p=14707"},"modified":"2024-11-05T10:09:53","modified_gmt":"2024-11-05T13:09:53","slug":"sao-goncalo-faz-mutirao-para-entrega-de-aparelhos-auditivos","status":"publish","type":"post","link":"https:\/\/sgvaimudar.com.br\/index.php\/2024\/11\/05\/sao-goncalo-faz-mutirao-para-entrega-de-aparelhos-auditivos\/","title":{"rendered":"S\u00e3o Gon\u00e7alo faz mutir\u00e3o para entrega de aparelhos auditivos"},"content":{"rendered":"\n<p><em>At\u00e9 o final deste ano, 1,4 mil gon\u00e7alenses ser\u00e3o beneficiados&nbsp;<\/em><\/p>\n\n\n\n<p>A Secretaria de Sa\u00fade da Prefeitura de S\u00e3o Gon\u00e7alo informou que vai realizar um mutir\u00e3o para a entrega de aparelhos auditivos na cidade. A cerim\u00f4nia simb\u00f3lica da entrega de aparelhos para 80 pacientes vai acontecer no Teatro Municipal de S\u00e3o Gon\u00e7alo no pr\u00f3ximo dia 12. Nesta primeira etapa do m\u00eas de novembro, 480 pessoas ser\u00e3o beneficiadas. <\/p>\n\n\n\n<figure class=\"wp-block-image size-full\"><img fetchpriority=\"high\" decoding=\"async\" width=\"1024\" height=\"1024\" src=\"https:\/\/sgvaimudar.com.br\/wp-content\/uploads\/2024\/11\/WhatsApp-Image-2024-11-04-at-16.22.14-1024x1024-1.jpeg\" alt=\"\" class=\"wp-image-14708\" srcset=\"https:\/\/sgvaimudar.com.br\/wp-content\/uploads\/2024\/11\/WhatsApp-Image-2024-11-04-at-16.22.14-1024x1024-1.jpeg 1024w, https:\/\/sgvaimudar.com.br\/wp-content\/uploads\/2024\/11\/WhatsApp-Image-2024-11-04-at-16.22.14-1024x1024-1-300x300.jpeg 300w, https:\/\/sgvaimudar.com.br\/wp-content\/uploads\/2024\/11\/WhatsApp-Image-2024-11-04-at-16.22.14-1024x1024-1-150x150.jpeg 150w, https:\/\/sgvaimudar.com.br\/wp-content\/uploads\/2024\/11\/WhatsApp-Image-2024-11-04-at-16.22.14-1024x1024-1-768x768.jpeg 768w\" sizes=\"(max-width: 1024px) 100vw, 1024px\" \/><\/figure>\n\n\n\n<p>A a\u00e7\u00e3o vai beneficiar, ao todo, mais de 1,4 mil gon\u00e7alenses at\u00e9 o final de 2024. Todos j\u00e1 est\u00e3o inscritos na Coordenadoria de Reabilita\u00e7\u00e3o da Secretaria de Sa\u00fade.<\/p>\n\n\n\n<p>O mutir\u00e3o ser\u00e1 realizado em parceria com a Secretaria de Estado de Sa\u00fade, atrav\u00e9s da resolu\u00e7\u00e3o SES n\u00ba 3.268, de 7 de mar\u00e7o de 2024, que instituiu o cofinanciamento para amplia\u00e7\u00e3o do acesso aos aparelhos auditivos. \u201cVamos fortalecer e aprimorar a aten\u00e7\u00e3o \u00e0 sa\u00fade e ao cuidado \u00e0s pessoas com defici\u00eancia auditiva inseridas na Coordenadoria de Reabilita\u00e7\u00e3o\u201d, disse a secret\u00e1ria municipal de Sa\u00fade de S\u00e3o Gon\u00e7alo, Dra. Bianca Serour.<\/p>\n\n\n\n<p>&nbsp;&nbsp;&nbsp;&nbsp;&nbsp;Para receber as pr\u00f3teses auditivas, os gon\u00e7alenses devem ter encaminhamento feito por m\u00e9dico otorrinolaringologista, ter realizado audiometria e j\u00e1 estar inserido no sistema de regula\u00e7\u00e3o municipal. A reabilita\u00e7\u00e3o auditiva \u00e9 realizada pela Associa\u00e7\u00e3o Brasileira de Assist\u00eancia ao Excepcional (Abrae).<\/p>\n\n\n\n<p>&nbsp;&nbsp;&nbsp;&nbsp;&nbsp;O paciente que necessita de qualquer modalidade de reabilita\u00e7\u00e3o \u00e9 inserido no sistema da regula\u00e7\u00e3o ap\u00f3s passar por consulta. Logo, o primeiro passo \u00e9 procurar qualquer unidade de sa\u00fade (PAMs, polos, postos de sa\u00fade e cl\u00ednicas) da cidade para marcar uma consulta com o m\u00e9dico generalista. Caso tenha necessidade, ele far\u00e1 o encaminhamento para o profissional especializado, que emitir\u00e1 laudo com a defici\u00eancia do paciente e suas necessidades de reabilita\u00e7\u00e3o.<\/p>\n\n\n\n<p>&nbsp;&nbsp;&nbsp;&nbsp;&nbsp;Com o laudo em m\u00e3os, o paciente deve dar entrada nas unidades de sa\u00fade (PAMs, polos, postos de sa\u00fade, cl\u00ednicas e hospitais) com os seguintes documentos: laudo m\u00e9dico, identidade, CPF, cart\u00e3o do Sistema \u00danico de Sa\u00fade (SUS) e comprovante de resid\u00eancia. Assim, eles ser\u00e3o inseridos na regula\u00e7\u00e3o. Nos casos de pr\u00f3tese auditiva, deve-se anexar tamb\u00e9m a audiometria. Ap\u00f3s a regula\u00e7\u00e3o, o paciente ser\u00e1 encaminhado para uma das unidades de sa\u00fade que possa realizar o tratamento em unidade de S\u00e3o Gon\u00e7alo ou conveniada.<\/p>\n\n\n\n<p>A Coordenadoria de Reabilita\u00e7\u00e3o fica no G2 do S\u00e3o Gon\u00e7alo Shopping (Avenida S\u00e3o Gon\u00e7alo, 100, Boa Vista).<\/p>\n\n\n\n<p>S\u00e3o Gon\u00e7alo Vai Mudar. O Maior Portal da Cidade.<\/p>\n\n\n\n<p><\/p>\n","protected":false},"excerpt":{"rendered":"<p>At\u00e9 o final deste ano, 1,4 mil gon\u00e7alenses ser\u00e3o beneficiados&nbsp; A Secretaria de Sa\u00fade da Prefeitura de S\u00e3o Gon\u00e7alo informou&hellip;<\/p>\n","protected":false},"author":5,"featured_media":14709,"comment_status":"open","ping_status":"open","sticky":false,"template":"","format":"standard","meta":{"fifu_image_url":"","fifu_image_alt":"","footnotes":""},"categories":[7],"tags":[],"class_list":["post-14707","post","type-post","status-publish","format-standard","has-post-thumbnail","hentry","category-saude"],"_links":{"self":[{"href":"https:\/\/sgvaimudar.com.br\/index.php\/wp-json\/wp\/v2\/posts\/14707","targetHints":{"allow":["GET"]}}],"collection":[{"href":"https:\/\/sgvaimudar.com.br\/index.php\/wp-json\/wp\/v2\/posts"}],"about":[{"href":"https:\/\/sgvaimudar.com.br\/index.php\/wp-json\/wp\/v2\/types\/post"}],"author":[{"embeddable":true,"href":"https:\/\/sgvaimudar.com.br\/index.php\/wp-json\/wp\/v2\/users\/5"}],"replies":[{"embeddable":true,"href":"https:\/\/sgvaimudar.com.br\/index.php\/wp-json\/wp\/v2\/comments?post=14707"}],"version-history":[{"count":1,"href":"https:\/\/sgvaimudar.com.br\/index.php\/wp-json\/wp\/v2\/posts\/14707\/revisions"}],"predecessor-version":[{"id":14710,"href":"https:\/\/sgvaimudar.com.br\/index.php\/wp-json\/wp\/v2\/posts\/14707\/revisions\/14710"}],"wp:featuredmedia":[{"embeddable":true,"href":"https:\/\/sgvaimudar.com.br\/index.php\/wp-json\/wp\/v2\/media\/14709"}],"wp:attachment":[{"href":"https:\/\/sgvaimudar.com.br\/index.php\/wp-json\/wp\/v2\/media?parent=14707"}],"wp:term":[{"taxonomy":"category","embeddable":true,"href":"https:\/\/sgvaimudar.com.br\/index.php\/wp-json\/wp\/v2\/categories?post=14707"},{"taxonomy":"post_tag","embeddable":true,"href":"https:\/\/sgvaimudar.com.br\/index.php\/wp-json\/wp\/v2\/tags?post=14707"}],"curies":[{"name":"wp","href":"https:\/\/api.w.org\/{rel}","templated":true}]}}