{"id":14674,"date":"2024-11-04T14:00:00","date_gmt":"2024-11-04T17:00:00","guid":{"rendered":"https:\/\/sgvaimudar.com.br\/?p=14674"},"modified":"2024-11-04T11:12:04","modified_gmt":"2024-11-04T14:12:04","slug":"bailarina-de-claudia-leitte-que-morreu-aos-21-anos-teve-parada-cardiaca-durante-ensaio-de-danca","status":"publish","type":"post","link":"https:\/\/sgvaimudar.com.br\/index.php\/2024\/11\/04\/bailarina-de-claudia-leitte-que-morreu-aos-21-anos-teve-parada-cardiaca-durante-ensaio-de-danca\/","title":{"rendered":"Bailarina de Claudia Leitte que morreu aos 21 anos teve parada card\u00edaca durante ensaio de dan\u00e7a"},"content":{"rendered":"\n<p><em>Isabella tinha insufici\u00eancia card\u00edaca e l\u00fapus. Informa\u00e7\u00e3o foi confirmada pelo namorado da jovem. Claudia Leitte compartilhou v\u00eddeo com a equipe emocionada e em ora\u00e7\u00e3o<\/em><\/p>\n\n\n\n<p>A bailarina de Claudia Leitte, Isabella Oliveira, que morreu aos 21 anos, no s\u00e1bado (2), teve uma uma parada card\u00edaca durante um ensaio de dan\u00e7a. A informa\u00e7\u00e3o foi confirmada pelo namorado dela, Gabriel Genain, nas redes sociais.<\/p>\n\n\n\n<p>Segundo Gabriel, com quem Isabella Oliveira tinha um relacionamento de seis meses, a dan\u00e7arina tinha insufici\u00eancia card\u00edaca e l\u00fapus. Nas redes sociais, ele fez uma carta aberta de despedida para a namorada.<\/p>\n\n\n\n<p>&#8220;Eu sempre vou te amar, foram os melhores 6 meses da minha vida, onde quer que esteja, estarei pensando em voc\u00ea , obrigado por me fazer a pessoa mais feliz do mundo, e por me dar a chance de conhecer o que realmente era amar! \u2764\ufe0f\u200d\ud83d\udd25&#8221;, disse em parte do texto.<\/p>\n\n\n\n<p>A jovem dan\u00e7ava no projeto &#8220;Intemporal&#8221;, novo audiovisual gravado por Claudia Leitte. A artista compartilhou um v\u00eddeo emocionada e em ora\u00e7\u00e3o, junto a outras pessoas. Na legenda, ela lembrou o papel de Bella, como a mo\u00e7a era conhecida, em seu bal\u00e9.<\/p>\n\n\n\n<p>&#8220;Em breve, vou lan\u00e7ar uma tour de Intemporal, onde ela interpreta com louvor a mente de algu\u00e9m, vivendo um dilema bem invasivo, denso&#8230; Uma menina de 21 anos deu vida a algo t\u00e3o profundo&#8230; Uma menina de 21 anos&#8230;&#8221;, disse Claudia Leitte. A cantora tamb\u00e9m afirmou que ainda n\u00e3o se recomp\u00f4s.<\/p>\n\n\n\n<p>O v\u00eddeo, originalmente publicado por Bella em abril, foi ilustrado por Claudia com uma cruz. As imagens s\u00e3o acompanhadas pela faixa &#8220;Arrepio&#8221;, parceria da artista com Tom Kray, que integra o \u00e1lbum &#8220;Intemporal&#8221;.<\/p>\n\n\n\n<p><strong><em><sup>S\u00e3o Gon\u00e7alo Vai Mudar. O Maior Portal da Cidade.<\/sup><\/em><\/strong><\/p>\n\n\n\n<figure class=\"wp-block-image size-full\"><img decoding=\"async\" width=\"251\" height=\"88\" src=\"https:\/\/sgvaimudar.com.br\/wp-content\/uploads\/2023\/08\/Logo.png\" alt=\"\" class=\"wp-image-2738\" \/><\/figure>\n","protected":false},"excerpt":{"rendered":"<p>Isabella tinha insufici\u00eancia card\u00edaca e l\u00fapus. Informa\u00e7\u00e3o foi confirmada pelo namorado da jovem. Claudia Leitte compartilhou v\u00eddeo com a equipe&hellip;<\/p>\n","protected":false},"author":5,"featured_media":14675,"comment_status":"open","ping_status":"open","sticky":false,"template":"","format":"standard","meta":{"fifu_image_url":"","fifu_image_alt":"","footnotes":""},"categories":[4],"tags":[],"class_list":["post-14674","post","type-post","status-publish","format-standard","has-post-thumbnail","hentry","category-brasil"],"_links":{"self":[{"href":"https:\/\/sgvaimudar.com.br\/index.php\/wp-json\/wp\/v2\/posts\/14674","targetHints":{"allow":["GET"]}}],"collection":[{"href":"https:\/\/sgvaimudar.com.br\/index.php\/wp-json\/wp\/v2\/posts"}],"about":[{"href":"https:\/\/sgvaimudar.com.br\/index.php\/wp-json\/wp\/v2\/types\/post"}],"author":[{"embeddable":true,"href":"https:\/\/sgvaimudar.com.br\/index.php\/wp-json\/wp\/v2\/users\/5"}],"replies":[{"embeddable":true,"href":"https:\/\/sgvaimudar.com.br\/index.php\/wp-json\/wp\/v2\/comments?post=14674"}],"version-history":[{"count":1,"href":"https:\/\/sgvaimudar.com.br\/index.php\/wp-json\/wp\/v2\/posts\/14674\/revisions"}],"predecessor-version":[{"id":14676,"href":"https:\/\/sgvaimudar.com.br\/index.php\/wp-json\/wp\/v2\/posts\/14674\/revisions\/14676"}],"wp:featuredmedia":[{"embeddable":true,"href":"https:\/\/sgvaimudar.com.br\/index.php\/wp-json\/wp\/v2\/media\/14675"}],"wp:attachment":[{"href":"https:\/\/sgvaimudar.com.br\/index.php\/wp-json\/wp\/v2\/media?parent=14674"}],"wp:term":[{"taxonomy":"category","embeddable":true,"href":"https:\/\/sgvaimudar.com.br\/index.php\/wp-json\/wp\/v2\/categories?post=14674"},{"taxonomy":"post_tag","embeddable":true,"href":"https:\/\/sgvaimudar.com.br\/index.php\/wp-json\/wp\/v2\/tags?post=14674"}],"curies":[{"name":"wp","href":"https:\/\/api.w.org\/{rel}","templated":true}]}}