{"id":14664,"date":"2024-11-04T10:33:13","date_gmt":"2024-11-04T13:33:13","guid":{"rendered":"https:\/\/sgvaimudar.com.br\/?p=14664"},"modified":"2024-11-04T10:33:14","modified_gmt":"2024-11-04T13:33:14","slug":"morre-em-sp-o-cantor-agnaldo-rayol-aos-86-anos","status":"publish","type":"post","link":"https:\/\/sgvaimudar.com.br\/index.php\/2024\/11\/04\/morre-em-sp-o-cantor-agnaldo-rayol-aos-86-anos\/","title":{"rendered":"Morre em SP o cantor Agnaldo Rayol, aos 86 anos"},"content":{"rendered":"\n<p><em>Ele faleceu ap\u00f3s cair em sua casa em Santana, na zona Norte de S\u00e3o Paulo<\/em><\/p>\n\n\n\n<p>O cantor Agnaldo Rayol morreu, aos 86 anos, na madrugada desta segunda-feira (4). Ele faleceu ap\u00f3s sofrer uma queda em sua casa em Santana, na zona norte de S\u00e3o Paulo.<\/p>\n\n\n\n<p>O artista estava acompanhado de um cuidador da fam\u00edlia. Ele estava l\u00facido quando o Servi\u00e7o de Atendimento M\u00f3vel de Urg\u00eancia (Samu) foi acionado.<\/p>\n\n\n\n<p>Segundo a assessoria de imprensa do artista, a ambul\u00e2ncia demorou a chegar.<\/p>\n\n\n\n<p>Rayol foi levado ao Hospital HSanp, tamb\u00e9m no bairro Santana. Ele tinha um corte na cabe\u00e7a. A prefeitura de S\u00e3o Paulo ainda n\u00e3o respondeu sobre a demora para chegada do atendimento.<\/p>\n\n\n\n<p><strong>SOBRE O ARTISTA <\/strong>&#8211; Agnaldo Rayol ficou conhecido pela voz de bar\u00edtono e sua participa\u00e7\u00e3o como cantor e apresentador em diversas atra\u00e7\u00f5es da televis\u00e3o brasileira.<\/p>\n\n\n\n<p>Entre os maiores sucesso do artista, est\u00e3o suas interpreta\u00e7\u00f5es de can\u00e7\u00f5es italianas, tais como \u201cMia Gioconda\u201d e \u201cTormento D\u2019Amore\u201d.<\/p>\n\n\n\n<p>Em nota, a assessoria de imprensa do cantor destacou a trajet\u00f3ria de Rayol:<\/p>\n\n\n\n<p>\u201cAgnaldo Rayol deixa um legado inestim\u00e1vel para a m\u00fasica brasileira, com uma carreira que atravessou d\u00e9cadas e tocou os cora\u00e7\u00f5es de milh\u00f5es de f\u00e3s. A fam\u00edlia agradece as manifesta\u00e7\u00f5es de carinho e apoio. Informa\u00e7\u00f5es sobre o vel\u00f3rio e cerim\u00f4nia de despedida ser\u00e3o divulgadas em breve\u201d, diz o comunicado.<\/p>\n\n\n\n<p><em>Fonte: g1<\/em><\/p>\n\n\n\n<p><strong><em><sup>S\u00e3o Gon\u00e7alo Vai Mudar. O Maior Portal da Cidade.<\/sup><\/em><\/strong><\/p>\n\n\n\n<figure class=\"wp-block-image size-full\"><img decoding=\"async\" width=\"250\" height=\"87\" src=\"https:\/\/sgvaimudar.com.br\/wp-content\/uploads\/2023\/08\/cropped-Logo.png\" alt=\"\" class=\"wp-image-2739\" \/><\/figure>\n","protected":false},"excerpt":{"rendered":"<p>Ele faleceu ap\u00f3s cair em sua casa em Santana, na zona Norte de S\u00e3o Paulo O cantor Agnaldo Rayol morreu,&hellip;<\/p>\n","protected":false},"author":5,"featured_media":14665,"comment_status":"open","ping_status":"open","sticky":false,"template":"","format":"standard","meta":{"fifu_image_url":"","fifu_image_alt":"","footnotes":""},"categories":[4],"tags":[],"class_list":["post-14664","post","type-post","status-publish","format-standard","has-post-thumbnail","hentry","category-brasil"],"_links":{"self":[{"href":"https:\/\/sgvaimudar.com.br\/index.php\/wp-json\/wp\/v2\/posts\/14664","targetHints":{"allow":["GET"]}}],"collection":[{"href":"https:\/\/sgvaimudar.com.br\/index.php\/wp-json\/wp\/v2\/posts"}],"about":[{"href":"https:\/\/sgvaimudar.com.br\/index.php\/wp-json\/wp\/v2\/types\/post"}],"author":[{"embeddable":true,"href":"https:\/\/sgvaimudar.com.br\/index.php\/wp-json\/wp\/v2\/users\/5"}],"replies":[{"embeddable":true,"href":"https:\/\/sgvaimudar.com.br\/index.php\/wp-json\/wp\/v2\/comments?post=14664"}],"version-history":[{"count":1,"href":"https:\/\/sgvaimudar.com.br\/index.php\/wp-json\/wp\/v2\/posts\/14664\/revisions"}],"predecessor-version":[{"id":14666,"href":"https:\/\/sgvaimudar.com.br\/index.php\/wp-json\/wp\/v2\/posts\/14664\/revisions\/14666"}],"wp:featuredmedia":[{"embeddable":true,"href":"https:\/\/sgvaimudar.com.br\/index.php\/wp-json\/wp\/v2\/media\/14665"}],"wp:attachment":[{"href":"https:\/\/sgvaimudar.com.br\/index.php\/wp-json\/wp\/v2\/media?parent=14664"}],"wp:term":[{"taxonomy":"category","embeddable":true,"href":"https:\/\/sgvaimudar.com.br\/index.php\/wp-json\/wp\/v2\/categories?post=14664"},{"taxonomy":"post_tag","embeddable":true,"href":"https:\/\/sgvaimudar.com.br\/index.php\/wp-json\/wp\/v2\/tags?post=14664"}],"curies":[{"name":"wp","href":"https:\/\/api.w.org\/{rel}","templated":true}]}}