{"id":14661,"date":"2024-11-04T10:15:11","date_gmt":"2024-11-04T13:15:11","guid":{"rendered":"https:\/\/sgvaimudar.com.br\/?p=14661"},"modified":"2024-11-04T10:15:12","modified_gmt":"2024-11-04T13:15:12","slug":"zona-sul-de-niteroi-sofre-com-os-constantes-roubos-de-fio-internet-cada-vez-mais-lenta-diz-o-morador","status":"publish","type":"post","link":"https:\/\/sgvaimudar.com.br\/index.php\/2024\/11\/04\/zona-sul-de-niteroi-sofre-com-os-constantes-roubos-de-fio-internet-cada-vez-mais-lenta-diz-o-morador\/","title":{"rendered":"Zona Sul de Niter\u00f3i sofre com os constantes roubos de fio; &#8220;Internet cada vez mais lenta&#8221;, diz o morador"},"content":{"rendered":"\n<p><em>Verdadeira epidemia em toda cidade dupla foi encontrada em Icara\u00ed ap\u00f3s den\u00fancias de moradores<\/em><\/p>\n\n\n\n<p>Os furtos de cabos de cobre, que antes s\u00f3 aconteciam no Centro de Niter\u00f3i, desta vez expandiu e aconteceu na Zona Sul, quando dois homens, um de 26 anos e outro de 38 anos, foram presos em flagrante por policiais militares, na madrugada desta segunda-feira (4), enquanto furtavam cabos na Rua Presidente Backer, na altura do n\u00famero 231, em Icara\u00ed.<\/p>\n\n\n\n<p>Segundo a PM, v\u00e1rios moradores ligaram para o 190 e denunciaram a a\u00e7\u00e3o dos criminosos, que quando a pol\u00edcia chegou, um, identificado como Yan Gomes da Silva, estava empurrando um carrinho de mercado com um rolo de fio e um alicate de corte dentro de uma sacola de lixo em meio a materiais recicl\u00e1veis e o outro identificado como Diogo Serra Chiaradia estava em cima do poste puxando os fios. <\/p>\n\n\n\n<p>&#8220;Isso acontece todo dia&#8221;, disse a moradora M\u00e1rcia Lima da Silva, Mesma opini\u00e3o do comerciante Azevedo Lima Moraes, que lamentou a fato da rua ficar toda suja. &#8220;Percebo que toda vez que isso acontece a nossa internet fica lenta&#8221;, disse Moraes.<\/p>\n\n\n\n<p>Na ocasi\u00e3o, a guarni\u00e7\u00e3o deu voz de pris\u00e3o e conduziu os acusados a 77\u00b0 DP onde o material ficou apreendido e posterior procedeu a 76\u00b0 DP onde permaneceram presos pelo crime de furto.<\/p>\n\n\n\n<p><strong><em><sup>S\u00e3o Gon\u00e7alo Vai Mudar. O Maior Portal da Cidade.<\/sup><\/em><\/strong><\/p>\n\n\n\n<figure class=\"wp-block-image size-full\"><img decoding=\"async\" width=\"251\" height=\"88\" src=\"https:\/\/sgvaimudar.com.br\/wp-content\/uploads\/2023\/08\/Logo.png\" alt=\"\" class=\"wp-image-2738\" \/><\/figure>\n","protected":false},"excerpt":{"rendered":"<p>Verdadeira epidemia em toda cidade dupla foi encontrada em Icara\u00ed ap\u00f3s den\u00fancias de moradores Os furtos de cabos de cobre,&hellip;<\/p>\n","protected":false},"author":5,"featured_media":14662,"comment_status":"open","ping_status":"open","sticky":false,"template":"","format":"standard","meta":{"fifu_image_url":"","fifu_image_alt":"","footnotes":""},"categories":[32],"tags":[],"class_list":["post-14661","post","type-post","status-publish","format-standard","has-post-thumbnail","hentry","category-casos-de-policia"],"_links":{"self":[{"href":"https:\/\/sgvaimudar.com.br\/index.php\/wp-json\/wp\/v2\/posts\/14661","targetHints":{"allow":["GET"]}}],"collection":[{"href":"https:\/\/sgvaimudar.com.br\/index.php\/wp-json\/wp\/v2\/posts"}],"about":[{"href":"https:\/\/sgvaimudar.com.br\/index.php\/wp-json\/wp\/v2\/types\/post"}],"author":[{"embeddable":true,"href":"https:\/\/sgvaimudar.com.br\/index.php\/wp-json\/wp\/v2\/users\/5"}],"replies":[{"embeddable":true,"href":"https:\/\/sgvaimudar.com.br\/index.php\/wp-json\/wp\/v2\/comments?post=14661"}],"version-history":[{"count":1,"href":"https:\/\/sgvaimudar.com.br\/index.php\/wp-json\/wp\/v2\/posts\/14661\/revisions"}],"predecessor-version":[{"id":14663,"href":"https:\/\/sgvaimudar.com.br\/index.php\/wp-json\/wp\/v2\/posts\/14661\/revisions\/14663"}],"wp:featuredmedia":[{"embeddable":true,"href":"https:\/\/sgvaimudar.com.br\/index.php\/wp-json\/wp\/v2\/media\/14662"}],"wp:attachment":[{"href":"https:\/\/sgvaimudar.com.br\/index.php\/wp-json\/wp\/v2\/media?parent=14661"}],"wp:term":[{"taxonomy":"category","embeddable":true,"href":"https:\/\/sgvaimudar.com.br\/index.php\/wp-json\/wp\/v2\/categories?post=14661"},{"taxonomy":"post_tag","embeddable":true,"href":"https:\/\/sgvaimudar.com.br\/index.php\/wp-json\/wp\/v2\/tags?post=14661"}],"curies":[{"name":"wp","href":"https:\/\/api.w.org\/{rel}","templated":true}]}}