{"id":14648,"date":"2024-11-04T11:00:00","date_gmt":"2024-11-04T14:00:00","guid":{"rendered":"https:\/\/sgvaimudar.com.br\/?p=14648"},"modified":"2024-11-04T09:20:47","modified_gmt":"2024-11-04T12:20:47","slug":"secretaria-de-meio-ambiente-goncalense-realiza-conferencia-municipal-este-mes","status":"publish","type":"post","link":"https:\/\/sgvaimudar.com.br\/index.php\/2024\/11\/04\/secretaria-de-meio-ambiente-goncalense-realiza-conferencia-municipal-este-mes\/","title":{"rendered":"Secretaria de Meio Ambiente gon\u00e7alense realiza confer\u00eancia municipal este m\u00eas"},"content":{"rendered":"\n<p><em>Inscri\u00e7\u00f5es para o evento podem ser feitas atrav\u00e9s de formul\u00e1rio online<\/em><\/p>\n\n\n\n<p>A Secretaria de Meio Ambiente da Prefeitura de S\u00e3o Gon\u00e7alo informou que vai realizar, nos dias 29 e 30 de novembro,\u00a0a 3\u00aa Confer\u00eancia Municipal do Meio Ambiente de S\u00e3o Gon\u00e7alo (CMMA-SG). <\/p>\n\n\n\n<figure class=\"wp-block-image size-large\"><img fetchpriority=\"high\" decoding=\"async\" width=\"1024\" height=\"1024\" src=\"https:\/\/sgvaimudar.com.br\/wp-content\/uploads\/2024\/11\/unnamed-3-2-1024x1024.jpg\" alt=\"\" class=\"wp-image-14649\" srcset=\"https:\/\/sgvaimudar.com.br\/wp-content\/uploads\/2024\/11\/unnamed-3-2-1024x1024.jpg 1024w, https:\/\/sgvaimudar.com.br\/wp-content\/uploads\/2024\/11\/unnamed-3-2-300x300.jpg 300w, https:\/\/sgvaimudar.com.br\/wp-content\/uploads\/2024\/11\/unnamed-3-2-150x150.jpg 150w, https:\/\/sgvaimudar.com.br\/wp-content\/uploads\/2024\/11\/unnamed-3-2-768x768.jpg 768w, https:\/\/sgvaimudar.com.br\/wp-content\/uploads\/2024\/11\/unnamed-3-2-1536x1536.jpg 1536w, https:\/\/sgvaimudar.com.br\/wp-content\/uploads\/2024\/11\/unnamed-3-2.jpg 1600w\" sizes=\"(max-width: 1024px) 100vw, 1024px\" \/><\/figure>\n\n\n\n<p>Com o tema \u201cEmerg\u00eancia Clim\u00e1tica: o Desafio da Transforma\u00e7\u00e3o Ecol\u00f3gica\u201d, o evento ser\u00e1 realizado com objetivo de elaborar proposi\u00e7\u00f5es sobre emerg\u00eancia clim\u00e1tica, para subsidiar a implementa\u00e7\u00e3o da Pol\u00edtica Nacional sobre Mudan\u00e7a do Clima.<\/p>\n\n\n\n<p>Para participar, \u00e9 necess\u00e1rio ser maior de 16 anos. Os participantes poder\u00e3o realizar a pr\u00e9-inscri\u00e7\u00e3o a partir desta segunda-feira, dia 4, at\u00e9 o dia 24 de novembro, por meio digital, atrav\u00e9s do formul\u00e1rio dispon\u00edvel atrav\u00e9s do seguinte endere\u00e7o eletr\u00f4nico:<\/p>\n\n\n\n<p><a href=\"https:\/\/docs.google.com\/forms\/d\/e\/1FAIpQLSenLiHqn-hF2yRF0WX82pdf5OVnawkzznXIy4fD09eqK3AlDA\/viewform?pli=1\">https:\/\/docs.google.com\/forms\/d\/e\/1FAIpQLSenLiHqn-hF2yRF0WX82pdf5OVnawkzznXIy4fD09eqK3AlDA\/viewform?pli=1<\/a>.<\/p>\n\n\n\n<p>As inscri\u00e7\u00f5es tamb\u00e9m podem ser feitas presencialmente na Secretaria de Meio Ambiente de S\u00e3o Gon\u00e7alo.<\/p>\n\n\n\n<p>O evento ter\u00e1 como base a 5\u00aa Confer\u00eancia Nacional do Meio Ambiente, sendo o ponto de partida dos trabalhos a partir de informa\u00e7\u00f5es t\u00e9cnicas e conceituais sobre o tema e os eixos tem\u00e1ticos, que s\u00e3o: Mitiga\u00e7\u00e3o, Adapta\u00e7\u00e3o e prepara\u00e7\u00e3o para desastre, Transforma\u00e7\u00e3o Ecol\u00f3gica, Justi\u00e7a Clim\u00e1tica e Governan\u00e7a e Educa\u00e7\u00e3o Ambiental.<\/p>\n\n\n\n<p>O credenciamento dos participantes da 3\u00aa CMMA-SG ser\u00e1 realizado nos dias 29 de novembro das 14h \u00e0s 17h e 30 de novembro, das 8h \u00e0s 10h, em tr\u00eas categorias: Delegados Municipais com direito a voz e voto; Convidados com direito a voz; e Observadores sem direito a voz e voto.<\/p>\n\n\n\n<p>O regulamento completo da confer\u00eancia pode ser acessado atrav\u00e9s do seguinte endere\u00e7o eletr\u00f4nico:&nbsp;<a href=\"https:\/\/click.cse360.com.br\/Click\/AddCampaignEmailClick\/ce753d78-67e8-4135-9585-08dce85119f5\/https%253a%252f%252fdo.pmsg.rj.gov.br%252fdiario%252f2024_10_29.pdf\/ac66966e-2b55-4484-fb2c-08dc491eed5f\/jornalistaws@gmail.com\/False\" rel=\"noreferrer noopener\" target=\"_blank\">https:\/\/do.pmsg.rj.gov.br\/diario\/2024_10_29.pdf<\/a><\/p>\n\n\n\n<p><strong>Servi\u00e7o:<\/strong><\/p>\n\n\n\n<p>3\u00aa Confer\u00eancia Municipal do Meio Ambiente de S\u00e3o Gon\u00e7alo<\/p>\n\n\n\n<p>Data: 29 e 30 de novembro<\/p>\n\n\n\n<p>O credenciamento ser\u00e1 realizado nos dias 29, das 14h \u00e0s 17h, e 30 de novembro, das 8h \u00e0s 10h.<\/p>\n\n\n\n<p>Local: SEST SENAT, situado a Rodovia Amaral Peixoto, RJ-104, do KM. 9001 ao KM. 11499 (lado \u00edmpar), KM07, Tribob\u00f3, S\u00e3o Gon\u00e7alo\/RJ.<\/p>\n\n\n\n<p><strong><em><sup>S\u00e3o Gon\u00e7alo Vai Mudar. O Maior Portal da Cidade.<\/sup><\/em><\/strong><\/p>\n\n\n\n<figure class=\"wp-block-image size-full\"><img decoding=\"async\" width=\"250\" height=\"87\" src=\"https:\/\/sgvaimudar.com.br\/wp-content\/uploads\/2023\/08\/cropped-Logo.png\" alt=\"\" class=\"wp-image-2739\" \/><\/figure>\n","protected":false},"excerpt":{"rendered":"<p>Inscri\u00e7\u00f5es para o evento podem ser feitas atrav\u00e9s de formul\u00e1rio online A Secretaria de Meio Ambiente da Prefeitura de S\u00e3o&hellip;<\/p>\n","protected":false},"author":5,"featured_media":8429,"comment_status":"open","ping_status":"open","sticky":false,"template":"","format":"standard","meta":{"fifu_image_url":"","fifu_image_alt":"","footnotes":""},"categories":[3],"tags":[],"class_list":["post-14648","post","type-post","status-publish","format-standard","has-post-thumbnail","hentry","category-sao-goncalo"],"_links":{"self":[{"href":"https:\/\/sgvaimudar.com.br\/index.php\/wp-json\/wp\/v2\/posts\/14648","targetHints":{"allow":["GET"]}}],"collection":[{"href":"https:\/\/sgvaimudar.com.br\/index.php\/wp-json\/wp\/v2\/posts"}],"about":[{"href":"https:\/\/sgvaimudar.com.br\/index.php\/wp-json\/wp\/v2\/types\/post"}],"author":[{"embeddable":true,"href":"https:\/\/sgvaimudar.com.br\/index.php\/wp-json\/wp\/v2\/users\/5"}],"replies":[{"embeddable":true,"href":"https:\/\/sgvaimudar.com.br\/index.php\/wp-json\/wp\/v2\/comments?post=14648"}],"version-history":[{"count":2,"href":"https:\/\/sgvaimudar.com.br\/index.php\/wp-json\/wp\/v2\/posts\/14648\/revisions"}],"predecessor-version":[{"id":14652,"href":"https:\/\/sgvaimudar.com.br\/index.php\/wp-json\/wp\/v2\/posts\/14648\/revisions\/14652"}],"wp:featuredmedia":[{"embeddable":true,"href":"https:\/\/sgvaimudar.com.br\/index.php\/wp-json\/wp\/v2\/media\/8429"}],"wp:attachment":[{"href":"https:\/\/sgvaimudar.com.br\/index.php\/wp-json\/wp\/v2\/media?parent=14648"}],"wp:term":[{"taxonomy":"category","embeddable":true,"href":"https:\/\/sgvaimudar.com.br\/index.php\/wp-json\/wp\/v2\/categories?post=14648"},{"taxonomy":"post_tag","embeddable":true,"href":"https:\/\/sgvaimudar.com.br\/index.php\/wp-json\/wp\/v2\/tags?post=14648"}],"curies":[{"name":"wp","href":"https:\/\/api.w.org\/{rel}","templated":true}]}}