{"id":14645,"date":"2024-11-04T09:12:59","date_gmt":"2024-11-04T12:12:59","guid":{"rendered":"https:\/\/sgvaimudar.com.br\/?p=14645"},"modified":"2024-11-04T09:14:06","modified_gmt":"2024-11-04T12:14:06","slug":"vem-ai-a-6a-edicao-da-festa-literaria-de-sao-goncalo-flisgo","status":"publish","type":"post","link":"https:\/\/sgvaimudar.com.br\/index.php\/2024\/11\/04\/vem-ai-a-6a-edicao-da-festa-literaria-de-sao-goncalo-flisgo\/","title":{"rendered":"Vem a\u00ed: A 6\u00aa edi\u00e7\u00e3o da Festa Liter\u00e1ria de S\u00e3o Gon\u00e7alo (Flisgo)"},"content":{"rendered":"\n<p><em>Com o tema: Identidades e territ\u00f3rios, evento, com incentivo da Lei Paulo Gustavo, refor\u00e7a a cultura local e a valoriza\u00e7\u00e3o da identidade gon\u00e7alense. A abertura acontece nesta segunda-feira (4), \u00e0s 19h, no Teatro Municipal de S\u00e3o Gon\u00e7alo<\/em><\/p>\n\n\n\n<p>A 6\u00aa edi\u00e7\u00e3o da Festa Liter\u00e1ria de S\u00e3o Gon\u00e7alo (Flisgo), com o tema \u201cIdentidades e Territ\u00f3rios\u201d, acontece neste m\u00eas de novembro, com incentivo da Lei Paulo Gustavo, atrav\u00e9s da Secretaria Municipal de Turismo e Cultura e governo federal, ap\u00f3s ter sido contemplada no Edital 6 &#8211; \u201cTodas as Artes Gon\u00e7alenses\u201d.  <\/p>\n\n\n\n<figure class=\"wp-block-image size-large\"><img fetchpriority=\"high\" decoding=\"async\" width=\"822\" height=\"1024\" src=\"https:\/\/sgvaimudar.com.br\/wp-content\/uploads\/2024\/11\/unnamed-2-2-822x1024.jpg\" alt=\"\" class=\"wp-image-14646\" srcset=\"https:\/\/sgvaimudar.com.br\/wp-content\/uploads\/2024\/11\/unnamed-2-2-822x1024.jpg 822w, https:\/\/sgvaimudar.com.br\/wp-content\/uploads\/2024\/11\/unnamed-2-2-241x300.jpg 241w, https:\/\/sgvaimudar.com.br\/wp-content\/uploads\/2024\/11\/unnamed-2-2-768x957.jpg 768w, https:\/\/sgvaimudar.com.br\/wp-content\/uploads\/2024\/11\/unnamed-2-2.jpg 1080w\" sizes=\"(max-width: 822px) 100vw, 822px\" \/><\/figure>\n\n\n\n<p>Reconhecida como a primeira festa liter\u00e1ria da cidade, a Flisgo se consolidou como um evento essencial no cen\u00e1rio cultural de S\u00e3o Gon\u00e7alo.\u00a0<\/p>\n\n\n\n<p>Nesta edi\u00e7\u00e3o, a Flisgo explora as rela\u00e7\u00f5es entre cultura, pertencimento e o territ\u00f3rio local, buscando valorizar a identidade dos gon\u00e7alenses. O evento se estende al\u00e9m da literatura, envolvendo manifesta\u00e7\u00f5es art\u00edsticas como teatro, m\u00fasica e artes visuais, promovendo integra\u00e7\u00e3o e inclus\u00e3o entre diferentes p\u00fablicos.\u00a0<\/p>\n\n\n\n<p>A programa\u00e7\u00e3o inclui a participa\u00e7\u00e3o de autores, exposi\u00e7\u00f5es e oficinas, visando alcan\u00e7ar um p\u00fablico mais amplo e contribuir para a visibilidade de S\u00e3o Gon\u00e7alo como um polo cultural no Estado do Rio de Janeiro. A entrada \u00e9 gratuita.<\/p>\n\n\n\n<p>Programa\u00e7\u00e3o Flisgo:<\/p>\n\n\n\n<p>&#8211; 04\/11 Abertura Oficial no Teatro Municipal \u00e0s 19h<\/p>\n\n\n\n<p>&#8211; 05\/11 Di\u00e1logos gon\u00e7alenses, no Teatro Municipal de S\u00e3o Gon\u00e7alo, \u00e0s 19h<\/p>\n\n\n\n<p>&#8211; 08\/11 Encontros de hist\u00f3rias, contos e criatividade, na Lona Cultural L\u00eddia Maria da Silva, no Jardim Catarina, \u00e0s 9h<\/p>\n\n\n\n<p>&#8211; 09\/11 Encontros de hist\u00f3rias, contos e criatividade, na Lona Cultural L\u00eddia Maria da Silva, \u00e0s 9h<\/p>\n\n\n\n<p>&#8211; 10\/11 Sons e movimentos, no Centro de Tradi\u00e7\u00f5es Nordestinas, em Neves, \u00e0s 10h<\/p>\n\n\n\n<p>&#8211; 15, 13 e 17\/11 Mostra Liter\u00e1ria Partage Shopping, \u00e0s 10h.<\/p>\n\n\n\n<p><strong><em>S\u00e3o Gon\u00e7alo Vai Mudar. O Maior Portal da Cidade.<\/em><\/strong><\/p>\n\n\n\n<figure class=\"wp-block-image size-full\"><img decoding=\"async\" width=\"251\" height=\"88\" src=\"https:\/\/sgvaimudar.com.br\/wp-content\/uploads\/2023\/08\/Logo.png\" alt=\"\" class=\"wp-image-2738\" \/><\/figure>\n","protected":false},"excerpt":{"rendered":"<p>Com o tema: Identidades e territ\u00f3rios, evento, com incentivo da Lei Paulo Gustavo, refor\u00e7a a cultura local e a valoriza\u00e7\u00e3o&hellip;<\/p>\n","protected":false},"author":5,"featured_media":6390,"comment_status":"open","ping_status":"open","sticky":false,"template":"","format":"standard","meta":{"fifu_image_url":"","fifu_image_alt":"","footnotes":""},"categories":[6,3],"tags":[],"class_list":["post-14645","post","type-post","status-publish","format-standard","has-post-thumbnail","hentry","category-entretenimento","category-sao-goncalo"],"_links":{"self":[{"href":"https:\/\/sgvaimudar.com.br\/index.php\/wp-json\/wp\/v2\/posts\/14645","targetHints":{"allow":["GET"]}}],"collection":[{"href":"https:\/\/sgvaimudar.com.br\/index.php\/wp-json\/wp\/v2\/posts"}],"about":[{"href":"https:\/\/sgvaimudar.com.br\/index.php\/wp-json\/wp\/v2\/types\/post"}],"author":[{"embeddable":true,"href":"https:\/\/sgvaimudar.com.br\/index.php\/wp-json\/wp\/v2\/users\/5"}],"replies":[{"embeddable":true,"href":"https:\/\/sgvaimudar.com.br\/index.php\/wp-json\/wp\/v2\/comments?post=14645"}],"version-history":[{"count":1,"href":"https:\/\/sgvaimudar.com.br\/index.php\/wp-json\/wp\/v2\/posts\/14645\/revisions"}],"predecessor-version":[{"id":14647,"href":"https:\/\/sgvaimudar.com.br\/index.php\/wp-json\/wp\/v2\/posts\/14645\/revisions\/14647"}],"wp:featuredmedia":[{"embeddable":true,"href":"https:\/\/sgvaimudar.com.br\/index.php\/wp-json\/wp\/v2\/media\/6390"}],"wp:attachment":[{"href":"https:\/\/sgvaimudar.com.br\/index.php\/wp-json\/wp\/v2\/media?parent=14645"}],"wp:term":[{"taxonomy":"category","embeddable":true,"href":"https:\/\/sgvaimudar.com.br\/index.php\/wp-json\/wp\/v2\/categories?post=14645"},{"taxonomy":"post_tag","embeddable":true,"href":"https:\/\/sgvaimudar.com.br\/index.php\/wp-json\/wp\/v2\/tags?post=14645"}],"curies":[{"name":"wp","href":"https:\/\/api.w.org\/{rel}","templated":true}]}}