{"id":14625,"date":"2024-11-03T10:00:00","date_gmt":"2024-11-03T13:00:00","guid":{"rendered":"https:\/\/sgvaimudar.com.br\/?p=14625"},"modified":"2024-11-03T06:13:07","modified_gmt":"2024-11-03T09:13:07","slug":"universo-de-sao-goncalo-abriu-inscricoes-para-sua-primeira-turma-de-medicina","status":"publish","type":"post","link":"https:\/\/sgvaimudar.com.br\/index.php\/2024\/11\/03\/universo-de-sao-goncalo-abriu-inscricoes-para-sua-primeira-turma-de-medicina\/","title":{"rendered":"Universo de S\u00e3o Gon\u00e7alo abriu inscri\u00e7\u00f5es para sua primeira turma de Medicina"},"content":{"rendered":"\n<p><em>Primeiro vestibular est\u00e1 com inscri\u00e7\u00f5es abertas desde sexta (1)<\/em><\/p>\n\n\n\n<p>A mais nova Faculdade de Medicina do Rio da Universidade Salgado de Oliveira (Universo) recebeu do Minist\u00e9rio da Educa\u00e7\u00e3o (MEC) a autoriza\u00e7\u00e3o para a abertura do  curso superior de Medicina na modalidade bacharelado, que ser\u00e1 no campus da Trindade, em S\u00e3o Gon\u00e7alo. <\/p>\n\n\n\n<p>A portaria da Secretaria de Regula\u00e7\u00e3o e Supervis\u00e3o da Educa\u00e7\u00e3o Superior do MEC foi publicada no \u00faltimo dia 24 de outubro no Di\u00e1rio Oficial da Uni\u00e3o, e autoriza que a Universo ofere\u00e7a 60 vagas anuais do curso no campus S\u00e3o Gon\u00e7alo. O primeiro vestibular para ingresso no curso de Medicina j\u00e1 acontece em novembro e a institui\u00e7\u00e3o vai divulgar nos pr\u00f3ximos dias o calend\u00e1rio de inscri\u00e7\u00f5es para os candidatos.<\/p>\n\n\n\n<p>A autoriza\u00e7\u00e3o do curso de Medicina da Universo pelo MEC ocorreu ap\u00f3s um detalhado processo de vistorias e certifica\u00e7\u00f5es do corpo t\u00e9cnico do \u00f3rg\u00e3o em visitas \u00e0s instala\u00e7\u00f5es da universidade e entrevistas com seus gestores. A aprova\u00e7\u00e3o do MEC foi recebida com entusiasmo pelo pr\u00f3-reitor administrativo da Universo, Wallace Salgado de Oliveira. <\/p>\n\n\n\n<p>&#8220;O curso de Medicina sempre foi um sonho dos meus pais, a professora Marlene e o professor Joaquim. Ent\u00e3o, essa aprova\u00e7\u00e3o do MEC \u00e9 uma grande homenagem aos dois que durante muitos anos batalharam pela Educa\u00e7\u00e3o em S\u00e3o Gon\u00e7alo Mas, para que esse sonho se tornasse realidade, passamos por um processo de avalia\u00e7\u00e3o rigoroso e criterioso de profissionais do MEC&#8221;, disse ele.<\/p>\n\n\n\n<p>Segundo Wallace, S\u00e3o Gon\u00e7alo ter\u00e1 o primeiro curso de Medicina na regi\u00e3o e cidades vizinhas, oferecendo uma oportunidade \u00fanica de forma\u00e7\u00e3o em um ambiente comprometido com a inova\u00e7\u00e3o e a transforma\u00e7\u00e3o social. <\/p>\n\n\n\n<p>&#8220;Nosso objetivo \u00e9 formar profissionais que, al\u00e9m da excel\u00eancia t\u00e9cnica, tenham uma vis\u00e3o humanizada e \u00e9tica da medicina, prontos para transformar realidades e promover o cuidado com a sa\u00fade dos pacientes e da popula\u00e7\u00e3o em sua plenitude. E formar profissionais com essa vis\u00e3o humanizada \u00e9 muito importante para a popula\u00e7\u00e3o de S\u00e3o Gon\u00e7alo e regi\u00e3o, como meus\u00a0pais sempre nos ensinaram&#8221;, afirmou Wallace.<\/p>\n\n\n\n<p>O pr\u00f3-reitor administrativo tamb\u00e9m destacou o n\u00edvel do grau de exig\u00eancias do MEC para que o curso de Medicina da Universo fosse autorizado, bem como os apoios institucionais que a universidade recebeu para isso. &#8220;Cada novo curso que a Universo obt\u00e9m a autoriza\u00e7\u00e3o faz parte de um processo de atender as demandas de profissionais para a regi\u00e3o&#8221;, destacou o pr\u00f3-reitor.<\/p>\n\n\n\n<p>Wallace assinala como importantes os apoios que a Universo recebeu da Prefeitura de S\u00e3o Gon\u00e7alo, atrav\u00e9s do prefeito Nelson Ruas; do secret\u00e1rio de Sa\u00fade, Gelson Rocha da Silva; e do presidente da Funda\u00e7\u00e3o Municipal de Sa\u00fade de S\u00e3o Gon\u00e7alo, Deivid Robert de Cresci Campos, que assinaram um termo de ades\u00e3o, disponibilizando a estrutura de Sa\u00fade da cidade para integra\u00e7\u00e3o nas atividades pr\u00e1ticas de est\u00e1gio dos futuros alunos do curso de Medicina. <\/p>\n\n\n\n<p>Al\u00e9m disso, o termo assinado entre a Universo e a Prefeitura prev\u00ea a libera\u00e7\u00e3o das Unidades B\u00e1sicas de Sa\u00fade (UBSs), hospitais e centros especializados de atendimento para a pr\u00e1tica supervisionada dos alunos durante o curso de Medicina. &#8220;\u00c9 uma parceria fundamental e indispens\u00e1vel para a dinamiza\u00e7\u00e3o do nosso curso de Medicina, onde ser\u00e3o desenvolvidas al\u00e9m das atividades de ensino, tamb\u00e9m pesquisa e extens\u00e3o&#8221;, conclui Wallace.<\/p>\n\n\n\n<p>Al\u00e9m da parceria com a Prefeitura de S\u00e3o Gon\u00e7alo, a Universo tamb\u00e9m mant\u00e9m conv\u00eanios dos cursos de Sa\u00fade que ministra, tamb\u00e9m com as prefeituras de Itabora\u00ed, atrav\u00e9s do prefeito Marcelo Delalori; de Rio Bonito, atrav\u00e9s do atual prefeito Leandro Pereira; e Tangu\u00e1,em conv\u00eanio assinado com o prefeito Rodrigo Medeiros.<\/p>\n\n\n\n<p><strong><em><sup>S\u00e3o Gon\u00e7alo Vai Mudar. O Maior Portal da Cidade.<\/sup><\/em><\/strong><\/p>\n\n\n\n<figure class=\"wp-block-image size-full\"><img decoding=\"async\" width=\"251\" height=\"88\" src=\"https:\/\/sgvaimudar.com.br\/wp-content\/uploads\/2023\/08\/Logo.png\" alt=\"\" class=\"wp-image-2738\" \/><\/figure>\n","protected":false},"excerpt":{"rendered":"<p>Primeiro vestibular est\u00e1 com inscri\u00e7\u00f5es abertas desde sexta (1) A mais nova Faculdade de Medicina do Rio da Universidade Salgado&hellip;<\/p>\n","protected":false},"author":5,"featured_media":14626,"comment_status":"open","ping_status":"open","sticky":false,"template":"","format":"standard","meta":{"fifu_image_url":"","fifu_image_alt":"","footnotes":""},"categories":[3],"tags":[],"class_list":["post-14625","post","type-post","status-publish","format-standard","has-post-thumbnail","hentry","category-sao-goncalo"],"_links":{"self":[{"href":"https:\/\/sgvaimudar.com.br\/index.php\/wp-json\/wp\/v2\/posts\/14625","targetHints":{"allow":["GET"]}}],"collection":[{"href":"https:\/\/sgvaimudar.com.br\/index.php\/wp-json\/wp\/v2\/posts"}],"about":[{"href":"https:\/\/sgvaimudar.com.br\/index.php\/wp-json\/wp\/v2\/types\/post"}],"author":[{"embeddable":true,"href":"https:\/\/sgvaimudar.com.br\/index.php\/wp-json\/wp\/v2\/users\/5"}],"replies":[{"embeddable":true,"href":"https:\/\/sgvaimudar.com.br\/index.php\/wp-json\/wp\/v2\/comments?post=14625"}],"version-history":[{"count":1,"href":"https:\/\/sgvaimudar.com.br\/index.php\/wp-json\/wp\/v2\/posts\/14625\/revisions"}],"predecessor-version":[{"id":14627,"href":"https:\/\/sgvaimudar.com.br\/index.php\/wp-json\/wp\/v2\/posts\/14625\/revisions\/14627"}],"wp:featuredmedia":[{"embeddable":true,"href":"https:\/\/sgvaimudar.com.br\/index.php\/wp-json\/wp\/v2\/media\/14626"}],"wp:attachment":[{"href":"https:\/\/sgvaimudar.com.br\/index.php\/wp-json\/wp\/v2\/media?parent=14625"}],"wp:term":[{"taxonomy":"category","embeddable":true,"href":"https:\/\/sgvaimudar.com.br\/index.php\/wp-json\/wp\/v2\/categories?post=14625"},{"taxonomy":"post_tag","embeddable":true,"href":"https:\/\/sgvaimudar.com.br\/index.php\/wp-json\/wp\/v2\/tags?post=14625"}],"curies":[{"name":"wp","href":"https:\/\/api.w.org\/{rel}","templated":true}]}}