{"id":14611,"date":"2024-11-03T09:00:00","date_gmt":"2024-11-03T12:00:00","guid":{"rendered":"https:\/\/sgvaimudar.com.br\/?p=14611"},"modified":"2024-11-03T05:36:47","modified_gmt":"2024-11-03T08:36:47","slug":"prefeito-capitao-nelson-participa-das-homenagens-no-dia-de-finados-em-sao-goncalo","status":"publish","type":"post","link":"https:\/\/sgvaimudar.com.br\/index.php\/2024\/11\/03\/prefeito-capitao-nelson-participa-das-homenagens-no-dia-de-finados-em-sao-goncalo\/","title":{"rendered":"Prefeito Capit\u00e3o Nelson participa das homenagens no Dia de Finados em S\u00e3o Gon\u00e7alo"},"content":{"rendered":"\n<p><em>Cemit\u00e9rios municipais recebem milhares de pessoas<\/em>. Chefe do Executivo gon\u00e7alense visitou as quatro unidades<\/p>\n\n\n\n<p>O prefeito de S\u00e3o Gon\u00e7alo, Capit\u00e3o Nelson, visitou, neste s\u00e1bado, 2 de novembro, Dia de Finados, as quatro unidades para conferir o andamento do servi\u00e7o nos locais. No entorno dos cemit\u00e9rios, guardas municipais e agentes de tr\u00e2nsito auxiliaram o fluxo de autom\u00f3veis nas regi\u00f5es.\u00a0<\/p>\n\n\n\n<p>Milhares de pessoas visitaram os quatro cemit\u00e9rios municipais de S\u00e3o Gon\u00e7alo, nesta data reservada para homenagens aos que partiram, a visita\u00e7\u00e3o nas unidades do Pacheco, Ipi\u00edba, S\u00e3o Miguel e S\u00e3o Gon\u00e7alo foi iniciada \u00e0s 8h e seguiu at\u00e9 17h.\u00a0<\/p>\n\n\n\n<figure class=\"wp-block-image size-full\"><img fetchpriority=\"high\" decoding=\"async\" width=\"1024\" height=\"681\" src=\"https:\/\/sgvaimudar.com.br\/wp-content\/uploads\/2024\/11\/unnamed-15.jpg\" alt=\"\" class=\"wp-image-14612\" srcset=\"https:\/\/sgvaimudar.com.br\/wp-content\/uploads\/2024\/11\/unnamed-15.jpg 1024w, https:\/\/sgvaimudar.com.br\/wp-content\/uploads\/2024\/11\/unnamed-15-300x200.jpg 300w, https:\/\/sgvaimudar.com.br\/wp-content\/uploads\/2024\/11\/unnamed-15-768x511.jpg 768w\" sizes=\"(max-width: 1024px) 100vw, 1024px\" \/><\/figure>\n\n\n\n<p>Devido ao grande fluxo, durante todo o feriado, as Secretarias de Ordem P\u00fablica e de Transportes da Prefeitura de S\u00e3o Gon\u00e7alo atuaram para garantir a seguran\u00e7a do p\u00fablico e a fluidez do tr\u00e2nsito. Equipes do Departamento de Conserva\u00e7\u00e3o e Obras (DCO), da Secretaria de Conserva\u00e7\u00e3o, tamb\u00e9m trabalharam no entorno das unidades para garantir a limpeza nas vias.<\/p>\n\n\n\n<p>Pela manh\u00e3, foram celebradas duas missas nos cemit\u00e9rios S\u00e3o Miguel e S\u00e3o Gon\u00e7alo, \u00e0s 8h30 e 10h. A professora Ivone Couto, de 56 anos, participou da celebra\u00e7\u00e3o, na unidade de S\u00e3o Miguel, como costuma fazer desde que perdeu sua m\u00e3e Maria, h\u00e1 9 anos.\u00a0<\/p>\n\n\n\n<p>\u201cFa\u00e7o quest\u00e3o de prestar essa homenagem e rezar por ela neste Dia de Finados. A saudade ainda d\u00f3i, mas com o passar dos anos vamos aprendendo a lidar. \u00c9 reconfortante ouvir as palavras do padre nesse dia marcado pela saudade\u201d, disse a idosa.&nbsp;<\/p>\n\n\n\n<p>Ao longo da semana, a Coordenadoria de Administra\u00e7\u00e3o Funer\u00e1ria da Prefeitura de S\u00e3o Gon\u00e7alo refor\u00e7ou os servi\u00e7os de conserva\u00e7\u00e3o nos cemit\u00e9rios, com pinturas em muros e meio-fios, limpeza nos t\u00famulos, no entorno e no interior das unidades, como forma de garantir um momento de conforto para todos que v\u00e3o prestar homenagens aos seus entes que partiram.<\/p>\n\n\n\n<p><em>Fotos: Julio Diniz<\/em><\/p>\n\n\n\n<p><strong><em><sup>S\u00e3o Gon\u00e7alo Vai Mudar. O Maior Portal da Cidade.<\/sup><\/em><\/strong><\/p>\n\n\n\n<figure class=\"wp-block-image size-full\"><img decoding=\"async\" width=\"250\" height=\"87\" src=\"https:\/\/sgvaimudar.com.br\/wp-content\/uploads\/2023\/08\/cropped-Logo.png\" alt=\"\" class=\"wp-image-2739\" \/><\/figure>\n\n\n\n<p> <\/p>\n","protected":false},"excerpt":{"rendered":"<p>Cemit\u00e9rios municipais recebem milhares de pessoas. Chefe do Executivo gon\u00e7alense visitou as quatro unidades O prefeito de S\u00e3o Gon\u00e7alo, Capit\u00e3o&hellip;<\/p>\n","protected":false},"author":5,"featured_media":14613,"comment_status":"open","ping_status":"open","sticky":false,"template":"","format":"standard","meta":{"fifu_image_url":"","fifu_image_alt":"","footnotes":""},"categories":[3],"tags":[],"class_list":["post-14611","post","type-post","status-publish","format-standard","has-post-thumbnail","hentry","category-sao-goncalo"],"_links":{"self":[{"href":"https:\/\/sgvaimudar.com.br\/index.php\/wp-json\/wp\/v2\/posts\/14611","targetHints":{"allow":["GET"]}}],"collection":[{"href":"https:\/\/sgvaimudar.com.br\/index.php\/wp-json\/wp\/v2\/posts"}],"about":[{"href":"https:\/\/sgvaimudar.com.br\/index.php\/wp-json\/wp\/v2\/types\/post"}],"author":[{"embeddable":true,"href":"https:\/\/sgvaimudar.com.br\/index.php\/wp-json\/wp\/v2\/users\/5"}],"replies":[{"embeddable":true,"href":"https:\/\/sgvaimudar.com.br\/index.php\/wp-json\/wp\/v2\/comments?post=14611"}],"version-history":[{"count":1,"href":"https:\/\/sgvaimudar.com.br\/index.php\/wp-json\/wp\/v2\/posts\/14611\/revisions"}],"predecessor-version":[{"id":14614,"href":"https:\/\/sgvaimudar.com.br\/index.php\/wp-json\/wp\/v2\/posts\/14611\/revisions\/14614"}],"wp:featuredmedia":[{"embeddable":true,"href":"https:\/\/sgvaimudar.com.br\/index.php\/wp-json\/wp\/v2\/media\/14613"}],"wp:attachment":[{"href":"https:\/\/sgvaimudar.com.br\/index.php\/wp-json\/wp\/v2\/media?parent=14611"}],"wp:term":[{"taxonomy":"category","embeddable":true,"href":"https:\/\/sgvaimudar.com.br\/index.php\/wp-json\/wp\/v2\/categories?post=14611"},{"taxonomy":"post_tag","embeddable":true,"href":"https:\/\/sgvaimudar.com.br\/index.php\/wp-json\/wp\/v2\/tags?post=14611"}],"curies":[{"name":"wp","href":"https:\/\/api.w.org\/{rel}","templated":true}]}}