{"id":14605,"date":"2024-11-03T07:00:00","date_gmt":"2024-11-03T10:00:00","guid":{"rendered":"https:\/\/sgvaimudar.com.br\/?p=14605"},"modified":"2024-11-03T05:20:05","modified_gmt":"2024-11-03T08:20:05","slug":"escalacao-do-flamengo-filipe-luis-monta-trio-ofensivo-com-gabigol-plata-e-michael","status":"publish","type":"post","link":"https:\/\/sgvaimudar.com.br\/index.php\/2024\/11\/03\/escalacao-do-flamengo-filipe-luis-monta-trio-ofensivo-com-gabigol-plata-e-michael\/","title":{"rendered":"Escala\u00e7\u00e3o do Flamengo: Filipe Lu\u00eds monta trio ofensivo com Gabigol, Plata e Michael"},"content":{"rendered":"\n<p><em>Treinamento indica retorno de Alex Sandro, e t\u00e9cnico confirmar\u00e1 equipe em prele\u00e7\u00e3o aos atletas, no Maracan\u00e3<\/em><\/p>\n\n\n\n<p>O t\u00e9cnico do Flamengo Filipe Lu\u00eds disse que poderia fazer mudan\u00e7as a cada jogo de acordo com o advers\u00e1rio, e assim ser\u00e1 na primeira partida da final do Copa do Brasil, contra o Atl\u00e9tico-MG, neste domingo, \u00e0s 16h (de Bras\u00edlia), no Maracan\u00e3. <\/p>\n\n\n\n<p>Se ele mantiver o que indicou nos treinamentos, o Rubro-Negro ter\u00e1 um trio ofensivo com Gabigol, Plata e Michael. Outra novidade \u00e9 o retorno de Alex Sandro, que ficou fora dos jogos com Juventude e Internacional devido a um desconforto na coxa direita. O prov\u00e1vel time \u00e9 o seguinte:<\/p>\n\n\n\n<p>Rossi, Wesley, L\u00e9o Ortiz, L\u00e9o Pereira e Alex Sandro; Evertton, Gerson e Arrascaeta; Michael, Plata e Gabigol.<\/p>\n\n\n\n<p>Bruno Henrique e Pulgar, suspensos, est\u00e3o fora. Al\u00e9m deles, tamb\u00e9m h\u00e1 as baixas por quest\u00f5es m\u00e9dicas: Pedro, Vi\u00f1a, Cebolinha, Luiz Ara\u00fajo e De la Cruz. Carlinhos, que j\u00e1 atuou pelo Nova Igua\u00e7u na competi\u00e7\u00e3o, completa a lista de aus\u00eancias.<\/p>\n\n\n\n<p><em>Fonte: gE<\/em><\/p>\n\n\n\n<figure class=\"wp-block-image size-full\"><img decoding=\"async\" width=\"251\" height=\"88\" src=\"https:\/\/sgvaimudar.com.br\/wp-content\/uploads\/2023\/08\/Logo.png\" alt=\"\" class=\"wp-image-2738\" \/><\/figure>\n","protected":false},"excerpt":{"rendered":"<p>Treinamento indica retorno de Alex Sandro, e t\u00e9cnico confirmar\u00e1 equipe em prele\u00e7\u00e3o aos atletas, no Maracan\u00e3 O t\u00e9cnico do Flamengo&hellip;<\/p>\n","protected":false},"author":5,"featured_media":14606,"comment_status":"open","ping_status":"open","sticky":false,"template":"","format":"standard","meta":{"fifu_image_url":"","fifu_image_alt":"","footnotes":""},"categories":[5],"tags":[],"class_list":["post-14605","post","type-post","status-publish","format-standard","has-post-thumbnail","hentry","category-esportes"],"_links":{"self":[{"href":"https:\/\/sgvaimudar.com.br\/index.php\/wp-json\/wp\/v2\/posts\/14605","targetHints":{"allow":["GET"]}}],"collection":[{"href":"https:\/\/sgvaimudar.com.br\/index.php\/wp-json\/wp\/v2\/posts"}],"about":[{"href":"https:\/\/sgvaimudar.com.br\/index.php\/wp-json\/wp\/v2\/types\/post"}],"author":[{"embeddable":true,"href":"https:\/\/sgvaimudar.com.br\/index.php\/wp-json\/wp\/v2\/users\/5"}],"replies":[{"embeddable":true,"href":"https:\/\/sgvaimudar.com.br\/index.php\/wp-json\/wp\/v2\/comments?post=14605"}],"version-history":[{"count":1,"href":"https:\/\/sgvaimudar.com.br\/index.php\/wp-json\/wp\/v2\/posts\/14605\/revisions"}],"predecessor-version":[{"id":14607,"href":"https:\/\/sgvaimudar.com.br\/index.php\/wp-json\/wp\/v2\/posts\/14605\/revisions\/14607"}],"wp:featuredmedia":[{"embeddable":true,"href":"https:\/\/sgvaimudar.com.br\/index.php\/wp-json\/wp\/v2\/media\/14606"}],"wp:attachment":[{"href":"https:\/\/sgvaimudar.com.br\/index.php\/wp-json\/wp\/v2\/media?parent=14605"}],"wp:term":[{"taxonomy":"category","embeddable":true,"href":"https:\/\/sgvaimudar.com.br\/index.php\/wp-json\/wp\/v2\/categories?post=14605"},{"taxonomy":"post_tag","embeddable":true,"href":"https:\/\/sgvaimudar.com.br\/index.php\/wp-json\/wp\/v2\/tags?post=14605"}],"curies":[{"name":"wp","href":"https:\/\/api.w.org\/{rel}","templated":true}]}}