{"id":14512,"date":"2024-11-01T14:00:00","date_gmt":"2024-11-01T17:00:00","guid":{"rendered":"https:\/\/sgvaimudar.com.br\/?p=14512"},"modified":"2024-11-01T10:54:54","modified_gmt":"2024-11-01T13:54:54","slug":"em-reuniao-no-palacio-do-planalto-claudio-castro-leva-propostas-para-fortalecer-a-seguranca-publica-do-rio-de-janeiro","status":"publish","type":"post","link":"https:\/\/sgvaimudar.com.br\/index.php\/2024\/11\/01\/em-reuniao-no-palacio-do-planalto-claudio-castro-leva-propostas-para-fortalecer-a-seguranca-publica-do-rio-de-janeiro\/","title":{"rendered":"Em reuni\u00e3o no Pal\u00e1cio do Planalto, Cl\u00e1udio Castro leva propostas para fortalecer a seguran\u00e7a p\u00fablica do Rio de Janeiro"},"content":{"rendered":"\n<p><em>No encontro com presidente Lula, em Bras\u00edlia, governador do Rio defendeu endurecimento da legisla\u00e7\u00e3o penal para combate efetivo ao crime, entre outras medidas<\/em><\/p>\n\n\n\n<p>O governador Cl\u00e1udio Castro apresentou ao presidente Luiz In\u00e1cio Lula da Silva, nesta quinta-feira (31.10), as propostas do Estado do Rio de Janeiro para fortalecimento da seguran\u00e7a p\u00fablica. Castro reiterou demandas que v\u00eam defendendo, como o endurecimento da legisla\u00e7\u00e3o penal para refor\u00e7ar o combate ao crime organizado, a autonomia para os estados legislarem sobre seguran\u00e7a, o controle das fronteiras, mudan\u00e7as na Lei de Responsabilidade Fiscal (LRF), entre outras medidas.<\/p>\n\n\n\n<figure class=\"wp-block-image size-large\"><img fetchpriority=\"high\" decoding=\"async\" width=\"1024\" height=\"683\" src=\"https:\/\/sgvaimudar.com.br\/wp-content\/uploads\/2024\/11\/PSX_20241031_161423-1024x683.jpg\" alt=\"\" class=\"wp-image-14513\" srcset=\"https:\/\/sgvaimudar.com.br\/wp-content\/uploads\/2024\/11\/PSX_20241031_161423-1024x683.jpg 1024w, https:\/\/sgvaimudar.com.br\/wp-content\/uploads\/2024\/11\/PSX_20241031_161423-300x200.jpg 300w, https:\/\/sgvaimudar.com.br\/wp-content\/uploads\/2024\/11\/PSX_20241031_161423-768x512.jpg 768w, https:\/\/sgvaimudar.com.br\/wp-content\/uploads\/2024\/11\/PSX_20241031_161423-1536x1024.jpg 1536w, https:\/\/sgvaimudar.com.br\/wp-content\/uploads\/2024\/11\/PSX_20241031_161423-2048x1365.jpg 2048w\" sizes=\"(max-width: 1024px) 100vw, 1024px\" \/><\/figure>\n\n\n\n<p>Os pleitos foram apresentados durante reuni\u00e3o, com a participa\u00e7\u00e3o de outros governadores, para discutir a Proposta de Emenda \u00e0 Constitui\u00e7\u00e3o (PEC) da Seguran\u00e7a P\u00fablica, no Pal\u00e1cio do Planalto, em Bras\u00edlia. O encontro, que contou com a participa\u00e7\u00e3o de outros governadores, aconteceu ap\u00f3s um apelo p\u00fablico de Cl\u00e1udio Castro para que o presidente ouvisse as demandas dos estados relacionadas ao tema.<\/p>\n\n\n\n<p>&#8220;Na semana passada, fiz um apelo para come\u00e7armos essas discuss\u00f5es. \u00c9 importante refor\u00e7ar que precisamos de uma altera\u00e7\u00e3o na Lei de Responsabilidade Fiscal (LRF), excedendo os limites atuais, para permitir o aumento de gastos em pessoal na \u00e1rea de seguran\u00e7a e, dessa forma, consigamos refor\u00e7ar o efetivo das for\u00e7as de seguran\u00e7a do Rio. O d\u00e9ficit s\u00f3 na Pol\u00edcia Militar \u00e9 de cerca de 17 mil policiais. Na Pol\u00edcia Civil, para chegar a um contingente razo\u00e1vel, o Estado precisa de mais 4 mil agentes e o Corpo de Bombeiros, de mais de 10 mil militares&#8221;, declarou Cl\u00e1udio Castro.<\/p>\n\n\n\n<p>Algumas propostas de Castro receberam apoio de outros governadores, entre elas a compet\u00eancia para os estados legislarem sobre seguran\u00e7a.<\/p>\n\n\n\n<p>Segundo o governador, os estados precisam de autonomia para legislar sobre seguran\u00e7a p\u00fablica, pois s\u00f3 assim conseguiremos enfrentar as particularidades de cada regi\u00e3o e combater com mais for\u00e7a o crime organizado. <\/p>\n\n\n\n<p>&#8220;Vejam o caso dos Estados Unidos, um pa\u00eds de dimens\u00f5es gigantescas, com caracter\u00edsticas regionais distintas, e cada estado tem autonomia para tra\u00e7ar sua legisla\u00e7\u00e3o penal. No Brasil, enfrentamos a mesm\u00edssima situa\u00e7\u00e3o. Um pa\u00eds enorme, com realidades bem peculiares em cada regi\u00e3o e unidades federativas que enfrentam situa\u00e7\u00f5es extremas em rela\u00e7\u00e3o \u00e0 viol\u00eancia&#8221;, afirmou Castro.<\/p>\n\n\n\n<p><strong>ADPF 635<\/strong> &#8211; Durante a reuni\u00e3o, Castro tamb\u00e9m criticou a ADPF 635, que restringe as atividades policiais em comunidades. Mas, enfatizou que o tema ser\u00e1 tratado no Judici\u00e1rio.<\/p>\n\n\n\n<p>&#8220;N\u00e3o podemos negar que as organiza\u00e7\u00f5es criminosas se expandiram com as restri\u00e7\u00f5es \u00e0 atividade policial impostas pela ADPF 635. Essas restri\u00e7\u00f5es fortaleceram as fac\u00e7\u00f5es criminosas, o que resultou no aumento exponencial de mais de 300% nas disputas territoriais entre grupos rivais nos \u00faltimos 4 anos&#8221;, afirmou o governador do Rio.<\/p>\n\n\n\n<p><strong>Controle de fronteiras<\/strong><\/p>\n\n\n\n<p>Cl\u00e1udio Castro destacou a necessidade de uma atua\u00e7\u00e3o contundente do Estado Brasileiro para impedir entrada de armas no pa\u00eds.<\/p>\n\n\n\n<p>&#8220;Temos um problema de entrada de armas e drogas no pa\u00eds: hoje, por exemplo, 90% das armas apreendidas pelas pol\u00edcias foram fabricadas nos Estados Unidos e vendidas para o Paraguai, Col\u00f4mbia e Bol\u00edvia. Essas armas n\u00e3o s\u00e3o fabricadas no nosso estado. Sabemos de onde essas armas v\u00eam, para onde s\u00e3o vendidas, e nesses pa\u00edses perdem monitoramento. Precisamos urgentemente que a diplomacia brasileira haja de forma mais rigorosa com esses pa\u00edses. Essas armas est\u00e3o matando brasileiros&#8221; disse Castro.<\/p>\n\n\n\n<p><strong>Altera\u00e7\u00e3o na legisla\u00e7\u00e3o penal<\/strong><\/p>\n\n\n\n<p>O governador voltou a defender o fim da progress\u00e3o de pena para presos com armas de guerra, al\u00e9m da tipifica\u00e7\u00e3o de crimes de mil\u00edcia quando da explora\u00e7\u00e3o de servi\u00e7os concessionados.<\/p>\n\n\n\n<p>&#8220;A puni\u00e7\u00e3o para quem atira na popula\u00e7\u00e3o com uma arma de guerra \u00e9 p\u00edfia. Ainda com a progress\u00e3o de pena, o bandido fica pouco tempo na cadeia e volta a roubar, traficar e matar. O criminoso tem a plena convic\u00e7\u00e3o de que o crime compensa. \u00c9 fundamental endurecermos as leis. O crime n\u00e3o pode ser um neg\u00f3cio atrativo&#8221;, real\u00e7ou o governador do Rio.<\/p>\n\n\n\n<p>Outra importante reivindica\u00e7\u00e3o, que Castro tem ressaltado, \u00e9 a autoriza\u00e7\u00e3o para que as for\u00e7as estaduais possam intervir nas rodovias federais, evitando a entrada de armamentos e drogas no RJ. Tamb\u00e9m est\u00e3o entre os pleitos a cria\u00e7\u00e3o de um banco de dados nacional de presos e fugitivos da justi\u00e7a, de uma linha de cr\u00e9dito no BNDES para a aquisi\u00e7\u00e3o de equipamentos voltados \u00e0 tecnologia e \u00e0 recomposi\u00e7\u00e3o das estruturas das pol\u00edcias.<\/p>\n\n\n\n<p><strong><em><sup>S\u00e3o Gon\u00e7alo Vai Mudar. O Maior Portal da Cidade.<\/sup><\/em><\/strong><\/p>\n\n\n\n<figure class=\"wp-block-image size-full\"><img decoding=\"async\" width=\"251\" height=\"88\" src=\"https:\/\/sgvaimudar.com.br\/wp-content\/uploads\/2023\/08\/Logo.png\" alt=\"\" class=\"wp-image-2738\" \/><\/figure>\n","protected":false},"excerpt":{"rendered":"<p>No encontro com presidente Lula, em Bras\u00edlia, governador do Rio defendeu endurecimento da legisla\u00e7\u00e3o penal para combate efetivo ao crime,&hellip;<\/p>\n","protected":false},"author":5,"featured_media":14514,"comment_status":"open","ping_status":"open","sticky":false,"template":"","format":"standard","meta":{"fifu_image_url":"","fifu_image_alt":"","footnotes":""},"categories":[4],"tags":[],"class_list":["post-14512","post","type-post","status-publish","format-standard","has-post-thumbnail","hentry","category-brasil"],"_links":{"self":[{"href":"https:\/\/sgvaimudar.com.br\/index.php\/wp-json\/wp\/v2\/posts\/14512","targetHints":{"allow":["GET"]}}],"collection":[{"href":"https:\/\/sgvaimudar.com.br\/index.php\/wp-json\/wp\/v2\/posts"}],"about":[{"href":"https:\/\/sgvaimudar.com.br\/index.php\/wp-json\/wp\/v2\/types\/post"}],"author":[{"embeddable":true,"href":"https:\/\/sgvaimudar.com.br\/index.php\/wp-json\/wp\/v2\/users\/5"}],"replies":[{"embeddable":true,"href":"https:\/\/sgvaimudar.com.br\/index.php\/wp-json\/wp\/v2\/comments?post=14512"}],"version-history":[{"count":1,"href":"https:\/\/sgvaimudar.com.br\/index.php\/wp-json\/wp\/v2\/posts\/14512\/revisions"}],"predecessor-version":[{"id":14515,"href":"https:\/\/sgvaimudar.com.br\/index.php\/wp-json\/wp\/v2\/posts\/14512\/revisions\/14515"}],"wp:featuredmedia":[{"embeddable":true,"href":"https:\/\/sgvaimudar.com.br\/index.php\/wp-json\/wp\/v2\/media\/14514"}],"wp:attachment":[{"href":"https:\/\/sgvaimudar.com.br\/index.php\/wp-json\/wp\/v2\/media?parent=14512"}],"wp:term":[{"taxonomy":"category","embeddable":true,"href":"https:\/\/sgvaimudar.com.br\/index.php\/wp-json\/wp\/v2\/categories?post=14512"},{"taxonomy":"post_tag","embeddable":true,"href":"https:\/\/sgvaimudar.com.br\/index.php\/wp-json\/wp\/v2\/tags?post=14512"}],"curies":[{"name":"wp","href":"https:\/\/api.w.org\/{rel}","templated":true}]}}