{"id":14463,"date":"2024-10-31T15:00:00","date_gmt":"2024-10-31T18:00:00","guid":{"rendered":"https:\/\/sgvaimudar.com.br\/?p=14463"},"modified":"2024-10-31T09:59:06","modified_gmt":"2024-10-31T12:59:06","slug":"raizes-negras-da-fe-crista-festival-gospel-promete-movimentar-a-tijuca","status":"publish","type":"post","link":"https:\/\/sgvaimudar.com.br\/index.php\/2024\/10\/31\/raizes-negras-da-fe-crista-festival-gospel-promete-movimentar-a-tijuca\/","title":{"rendered":"\u201cRa\u00edzes\u00a0Negras da F\u00e9 Crist\u00e3\u201d: Festival gospel promete movimentar a Tijuca"},"content":{"rendered":"\n<p><em>Evento acontece na noite desta sexta-feira (1\/11), no Centro da Cultura Carioca Artur da T\u00e1vola com entrada gratuita ao p\u00fablico<\/em><\/p>\n\n\n\n<p>Levar ao p\u00fablico express\u00f5es culturais que evidenciam a influ\u00eancia da cultura negra na f\u00e9 evang\u00e9lica brasileira e carioca. Esta \u00e9 a proposta do festival &#8220;Ra\u00edzes\u00a0Negras da F\u00e9 Crist\u00e3&#8221;, evento que acontece no dia 1\u00ba de novembro (sexta), \u00e0s 19 horas, no Centro Cultural da Cultura Carioca Artur da T\u00e1vola, na Tijuca, na Zona Norte do Rio. <\/p>\n\n\n\n<figure class=\"wp-block-image size-large\"><img fetchpriority=\"high\" decoding=\"async\" width=\"768\" height=\"1024\" src=\"https:\/\/sgvaimudar.com.br\/wp-content\/uploads\/2024\/10\/5-Equipe-do-Raizes-Negras-768x1024.jpeg\" alt=\"\" class=\"wp-image-14464\" srcset=\"https:\/\/sgvaimudar.com.br\/wp-content\/uploads\/2024\/10\/5-Equipe-do-Raizes-Negras-768x1024.jpeg 768w, https:\/\/sgvaimudar.com.br\/wp-content\/uploads\/2024\/10\/5-Equipe-do-Raizes-Negras-225x300.jpeg 225w, https:\/\/sgvaimudar.com.br\/wp-content\/uploads\/2024\/10\/5-Equipe-do-Raizes-Negras-1152x1536.jpeg 1152w, https:\/\/sgvaimudar.com.br\/wp-content\/uploads\/2024\/10\/5-Equipe-do-Raizes-Negras-1536x2048.jpeg 1536w, https:\/\/sgvaimudar.com.br\/wp-content\/uploads\/2024\/10\/5-Equipe-do-Raizes-Negras-scaled.jpeg 1920w\" sizes=\"(max-width: 768px) 100vw, 768px\" \/><\/figure>\n\n\n\n<p>A entrada \u00e9 gratuita.\u00a0O projeto \u00e9 contemplado pelo edital Pr\u00f3-Carioca, programa de fomento \u00e0 cultura carioca, da Prefeitura da Cidade do Rio de Janeiro, atrav\u00e9s da Secretaria Municipal de Cultura.<\/p>\n\n\n\n<p>O show desta sexta-feira, marca o in\u00edcio das atividades, em pleno m\u00eas da Consci\u00eancia Negra. O p\u00fablico vai conferir do rapper e poeta urbano WJ; do m\u00fasico Daniel Eduardo, o Lusitano, e do Grupo Vocalis.<\/p>\n\n\n\n<p>O evento \u00e9 um marco na hist\u00f3ria do Rio de Janeiro e na m\u00fasica gospel brasileira. Todas as atividades abrangem apresenta\u00e7\u00f5es musicais, dan\u00e7a, pintura ao vivo e outras express\u00f5es art\u00edsticas que retratam a cultura negra crist\u00e3. Cada evento ser\u00e1 uma celebra\u00e7\u00e3o da identidade cultural, destacando a conex\u00e3o entre a f\u00e9 e a arte. O p\u00fablico-alvo abrange moradores locais das comunidades, bem como entusiastas da cultura e turistas interessados em experi\u00eancias aut\u00eanticas.<\/p>\n\n\n\n<p>O festival estava previsto para iniciar em 10 de agosto e, posteriormente, foi adiado para 19 de outubro, mas por causa de fortes chuvas que aconteceram em ambas as datas a organiza\u00e7\u00e3o remarcou a nova data para 30 de novembro como a conclus\u00e3o do evento. Al\u00e9m disso, ainda haver\u00e1 em 9 de novembro (s\u00e1bado) no Imperator, no M\u00e9ier, na Zona Norte do Rio.<\/p>\n\n\n\n<p><strong>Graffiti em pista de skate<\/strong><\/p>\n\n\n\n<p>A primeira a\u00e7\u00e3o feita antes do evento foi a realiza\u00e7\u00e3o de um grafite na pista de skate do Parque Rita Lee.&nbsp;Foram mais de 12 horas de trabalho e muita alegria na produ\u00e7\u00e3o do primeiro graffiti do local. A atividade, realizada em 21 de agosto, foi considerada o in\u00edcio das a\u00e7\u00f5es culturais do nosso projeto.&nbsp;<\/p>\n\n\n\n<p>Com as autorias de Ver\u00f4nica Black, Tito e Anna Lemmos, o trabalho tem o prop\u00f3sito de apresentar a mensagem que est\u00e1 em Jo\u00e3o 3:16:<\/p>\n\n\n\n<p>&nbsp;\u201cPorque Deus amou o mundo de tal maneira que deu o seu Filho unig\u00eanito, para que todo aquele que nele cr\u00ea n\u00e3o pere\u00e7a, mas tenha a vida eterna\u201d.<\/p>\n\n\n\n<p><strong>Vis\u00e3o no hospital e viagem mission\u00e1ria motivaram ideia do projeto<\/strong><\/p>\n\n\n\n<p>Janaina quase morreu v\u00edtima de covid-19 ap\u00f3s ficar internada por 31 dias no Hospital Evang\u00e9lico, na Tijuca, em abril de 2021. Com 75% dos pulm\u00f5es comprometidos, ela teve que ser intubada e teve que fazer hemodi\u00e1lise, pois os rins paralisaram. Por ter asma e estar acima do peso, a produtora chegou a ser desenganada pelos m\u00e9dicos.<\/p>\n\n\n\n<p>Evang\u00e9lica h\u00e1 muitos anos, ela recebeu a Santa Ceia de um pastor presbiteriano que atua como capel\u00e3o na unidade hospitalar. A partir disso, a sa\u00fade de Jana\u00edna passou por um verdadeiro milagre. E foi durante esse per\u00edodo que ela teve uma vis\u00e3o.<\/p>\n\n\n\n<p>\u201cUma das lembran\u00e7as que tem desse processo \u00e9 de ter tido uma vis\u00e3o em que mulheres negras a colocavam numa roda onde dan\u00e7avam e cantavam pela minha cura. Dois anos depois, j\u00e1 curada e bem de sa\u00fade, participei de um culto na igreja onde congrego, a Comunidade Evang\u00e9lica da Zona Norte (CEZN) e uma mission\u00e1ria convidou os membros para participar de uma viagem mission\u00e1ria \u00e0 aldeia de Shigamani, em Limpopo, na \u00c1frica do Sul. Na mesma hora, lembrei dessa vis\u00e3o no hospital e resolvi ir\u201d, recorda.<\/p>\n\n\n\n<p>Um ano depois, em 2023, Jana\u00edna se baseou em ambas as experi\u00eancias para se inscrever no \u00faltimo dia do prazo para projetos no Edital Pr\u00f3-Carioca &#8211; Diversidade Religiosa. O Projeto&nbsp;Ra\u00edzes&nbsp;Negras da F\u00e9 Crist\u00e3&nbsp; foi um dos dois \u00fanicos projetos aprovados.<\/p>\n\n\n\n<p>\u201cMuita gente disse que seria imposs\u00edvel. Ouvi de alguns que jamais conseguiria algo por ser evang\u00e9lica. Mas fui com f\u00e9 e consegui esse resultado aben\u00e7oado\u201d, festeja Jana\u00edna.<\/p>\n\n\n\n<p><strong>Sobre a Vibe Agency e Jana\u00edna Souto<\/strong><\/p>\n\n\n\n<p>Janaina \u00e9 produtora cultural h\u00e1 mais de 30 anos, Diretora Executiva da Vibe Agency, formada em Comunica\u00e7\u00e3o Social pela FACHA, p\u00f3s graduada em Pesquisa de Mercado e Opini\u00e3o P\u00fablica na UERJ e gerenciamento de projetos na UCAM.&nbsp;<\/p>\n\n\n\n<p>Atuou em eventos como o Animag\u00e9, O Rem\u00e9dio \u00e9 o Samba, Desfile do Bem e \u00e9 uma das criadoras da Avic, a Associa\u00e7\u00e3o Vila Isabel Cultura, que tem o prop\u00f3sito de reunir os fazedores de cultura de Vila Isabel e Grande Tijuca para que atuem em rede e recebam treinamento e orienta\u00e7\u00e3o para produ\u00e7\u00e3o e inscri\u00e7\u00e3o de seus projetos em editais. Al\u00e9m disso, tamb\u00e9m trabalhou como produtora no projeto \u201cEu Sou Babu\u201d, protagonizado pelo ator e cantor Babu Santana<\/p>\n\n\n\n<p><strong>SERVI\u00c7O<\/strong><\/p>\n\n\n\n<p><em><u>Festival Ra\u00edzes Negras da F\u00e9 Crist\u00e3<\/u><\/em><\/p>\n\n\n\n<p>Data: 1 de novembro de 2024<br>Hor\u00e1rio: 19h \u00e0s 21h<br>Local: Centro Cultural da M\u00fasica Carioca Artur da T\u00e1vola<br>Endere\u00e7o: Rua Conde de Bonfim, 824, Tijuca, Rio de Janeiro<br>Destaques: Apresenta\u00e7\u00f5es musicais com WJ, Lusitano e Grupo Vocalis<br>Entrada: Livre, sujeita \u00e0 lota\u00e7\u00e3o.<\/p>\n\n\n\n<p><strong>Sobre as atra\u00e7\u00f5es<\/strong><\/p>\n\n\n\n<p><strong>WJ<\/strong><\/p>\n\n\n\n<p>Ator, diretor teatral, poeta, cantor, rapper e compositor, WJ \u00e9 conhecido por suas rimas que exaltam a santidade de Cristo e o impacto de sua vida at\u00e9 os dias atuais. Autointitulado \u201co pior poeta do mundo\u201d, ele compartilha suas poesias em locais abertos e redes sociais.<\/p>\n\n\n\n<p><strong>Lusitano<\/strong><\/p>\n\n\n\n<p>Daniel Eduardo, o Lusitano, liderou por uma d\u00e9cada a banda Brightline, levando sua m\u00fasica por festivais e turn\u00eas no Reino Unido e Europa. Atualmente morando no Rio, Lusitano mistura as influ\u00eancias do funk carioca com sua rica heran\u00e7a cultural angolana, portuguesa, alem\u00e3 e inglesa.<\/p>\n\n\n\n<p><strong>Grupo Vocalis<\/strong><\/p>\n\n\n\n<p>\u00a0Formado em 2006, o Vocalis \u00e9 composto por Priscilla Moraes, Wallace Lopes e Wellington Costa. Recentemente, participaram da novela Vai Na F\u00e9 e da miniss\u00e9rie Vicky e a Musa, da Globo. Al\u00e9m das apresenta\u00e7\u00f5es, atuam como palestrantes em workshops e congressos de m\u00fasica coral em todo o Brasil.<\/p>\n\n\n\n<p><strong><em><sup>S\u00e3o Gon\u00e7alo Vai Mudar. O Maior Portal da Cidade.<\/sup><\/em><\/strong><\/p>\n\n\n\n<figure class=\"wp-block-image size-full\"><img decoding=\"async\" width=\"251\" height=\"88\" src=\"https:\/\/sgvaimudar.com.br\/wp-content\/uploads\/2023\/08\/Logo.png\" alt=\"\" class=\"wp-image-2738\" \/><\/figure>\n\n\n\n<p> <\/p>\n","protected":false},"excerpt":{"rendered":"<p>Evento acontece na noite desta sexta-feira (1\/11), no Centro da Cultura Carioca Artur da T\u00e1vola com entrada gratuita ao p\u00fablico&hellip;<\/p>\n","protected":false},"author":5,"featured_media":14465,"comment_status":"open","ping_status":"open","sticky":false,"template":"","format":"standard","meta":{"fifu_image_url":"","fifu_image_alt":"","footnotes":""},"categories":[6],"tags":[],"class_list":["post-14463","post","type-post","status-publish","format-standard","has-post-thumbnail","hentry","category-entretenimento"],"_links":{"self":[{"href":"https:\/\/sgvaimudar.com.br\/index.php\/wp-json\/wp\/v2\/posts\/14463","targetHints":{"allow":["GET"]}}],"collection":[{"href":"https:\/\/sgvaimudar.com.br\/index.php\/wp-json\/wp\/v2\/posts"}],"about":[{"href":"https:\/\/sgvaimudar.com.br\/index.php\/wp-json\/wp\/v2\/types\/post"}],"author":[{"embeddable":true,"href":"https:\/\/sgvaimudar.com.br\/index.php\/wp-json\/wp\/v2\/users\/5"}],"replies":[{"embeddable":true,"href":"https:\/\/sgvaimudar.com.br\/index.php\/wp-json\/wp\/v2\/comments?post=14463"}],"version-history":[{"count":1,"href":"https:\/\/sgvaimudar.com.br\/index.php\/wp-json\/wp\/v2\/posts\/14463\/revisions"}],"predecessor-version":[{"id":14466,"href":"https:\/\/sgvaimudar.com.br\/index.php\/wp-json\/wp\/v2\/posts\/14463\/revisions\/14466"}],"wp:featuredmedia":[{"embeddable":true,"href":"https:\/\/sgvaimudar.com.br\/index.php\/wp-json\/wp\/v2\/media\/14465"}],"wp:attachment":[{"href":"https:\/\/sgvaimudar.com.br\/index.php\/wp-json\/wp\/v2\/media?parent=14463"}],"wp:term":[{"taxonomy":"category","embeddable":true,"href":"https:\/\/sgvaimudar.com.br\/index.php\/wp-json\/wp\/v2\/categories?post=14463"},{"taxonomy":"post_tag","embeddable":true,"href":"https:\/\/sgvaimudar.com.br\/index.php\/wp-json\/wp\/v2\/tags?post=14463"}],"curies":[{"name":"wp","href":"https:\/\/api.w.org\/{rel}","templated":true}]}}