{"id":14456,"date":"2024-10-31T13:00:00","date_gmt":"2024-10-31T16:00:00","guid":{"rendered":"https:\/\/sgvaimudar.com.br\/?p=14456"},"modified":"2024-10-31T09:27:46","modified_gmt":"2024-10-31T12:27:46","slug":"subsecretaria-de-politicas-publicas-para-as-mulheres-encerra-outubro-rosa-com-mobilizacao-no-mutondo","status":"publish","type":"post","link":"https:\/\/sgvaimudar.com.br\/index.php\/2024\/10\/31\/subsecretaria-de-politicas-publicas-para-as-mulheres-encerra-outubro-rosa-com-mobilizacao-no-mutondo\/","title":{"rendered":"Subsecretaria de Pol\u00edticas P\u00fablicas para as Mulheres encerra Outubro Rosa com mobiliza\u00e7\u00e3o no Mutondo"},"content":{"rendered":"\n<p><em>Iniciativa divulga a import\u00e2ncia do autocuidado da mulher<\/em><\/p>\n\n\n\n<p>A Subsecretaria de Pol\u00edticas P\u00fablicas para as Mulheres da Prefeitura de S\u00e3o Gon\u00e7alo, para encerrar a programa\u00e7\u00e3o do Outubro Rosa, realizou uma grande mobiliza\u00e7\u00e3o para promover o autocuidado da mulher, na manh\u00e3 desta quinta-feira (31), ao lado da Cl\u00ednica Municipal Gon\u00e7alense do Mutondo.<\/p>\n\n\n\n<p>A atividade foi pensada com o objetivo de alertar a a popula\u00e7\u00e3o gon\u00e7alense para a import\u00e2ncia da preven\u00e7\u00e3o e detec\u00e7\u00e3o precoce do c\u00e2ncer de mama e de colo de \u00fatero.&nbsp;<\/p>\n\n\n\n<p>Uma equipe da Subsecretaria de Pol\u00edticas P\u00fablicas para as Mulheres percorreu as ruas do bairro distribuindo material informativo sobre o autocuidado e os impactos causados pela doen\u00e7a, assim como formas de enfrentar o diagn\u00f3stico e locais de atendimento especializado para preven\u00e7\u00e3o e tratamento no munic\u00edpio.<\/p>\n\n\n\n<p>\u201cAcreditamos no poder da informa\u00e7\u00e3o e nosso objetivo \u00e9 fazer com que o maior n\u00famero de mulheres tenha acesso a informes sobre a preven\u00e7\u00e3o e ao diagn\u00f3stico precoce da doen\u00e7a. Convidamos a todos para participar dessa grande mobiliza\u00e7\u00e3o\u201d, disse a subsecret\u00e1ria Ana Cristina da Silva.<\/p>\n\n\n\n<p><strong><em><sup>S\u00e3o Gon\u00e7alo Vai Mudar. O Maior Portal da Cidade.<\/sup><\/em><\/strong><\/p>\n\n\n\n<figure class=\"wp-block-image size-full\"><img decoding=\"async\" width=\"251\" height=\"88\" src=\"https:\/\/sgvaimudar.com.br\/wp-content\/uploads\/2023\/08\/Logo.png\" alt=\"\" class=\"wp-image-2738\" \/><\/figure>\n","protected":false},"excerpt":{"rendered":"<p>Iniciativa divulga a import\u00e2ncia do autocuidado da mulher A Subsecretaria de Pol\u00edticas P\u00fablicas para as Mulheres da Prefeitura de S\u00e3o&hellip;<\/p>\n","protected":false},"author":5,"featured_media":14457,"comment_status":"open","ping_status":"open","sticky":false,"template":"","format":"standard","meta":{"fifu_image_url":"","fifu_image_alt":"","footnotes":""},"categories":[7],"tags":[],"class_list":["post-14456","post","type-post","status-publish","format-standard","has-post-thumbnail","hentry","category-saude"],"_links":{"self":[{"href":"https:\/\/sgvaimudar.com.br\/index.php\/wp-json\/wp\/v2\/posts\/14456","targetHints":{"allow":["GET"]}}],"collection":[{"href":"https:\/\/sgvaimudar.com.br\/index.php\/wp-json\/wp\/v2\/posts"}],"about":[{"href":"https:\/\/sgvaimudar.com.br\/index.php\/wp-json\/wp\/v2\/types\/post"}],"author":[{"embeddable":true,"href":"https:\/\/sgvaimudar.com.br\/index.php\/wp-json\/wp\/v2\/users\/5"}],"replies":[{"embeddable":true,"href":"https:\/\/sgvaimudar.com.br\/index.php\/wp-json\/wp\/v2\/comments?post=14456"}],"version-history":[{"count":1,"href":"https:\/\/sgvaimudar.com.br\/index.php\/wp-json\/wp\/v2\/posts\/14456\/revisions"}],"predecessor-version":[{"id":14458,"href":"https:\/\/sgvaimudar.com.br\/index.php\/wp-json\/wp\/v2\/posts\/14456\/revisions\/14458"}],"wp:featuredmedia":[{"embeddable":true,"href":"https:\/\/sgvaimudar.com.br\/index.php\/wp-json\/wp\/v2\/media\/14457"}],"wp:attachment":[{"href":"https:\/\/sgvaimudar.com.br\/index.php\/wp-json\/wp\/v2\/media?parent=14456"}],"wp:term":[{"taxonomy":"category","embeddable":true,"href":"https:\/\/sgvaimudar.com.br\/index.php\/wp-json\/wp\/v2\/categories?post=14456"},{"taxonomy":"post_tag","embeddable":true,"href":"https:\/\/sgvaimudar.com.br\/index.php\/wp-json\/wp\/v2\/tags?post=14456"}],"curies":[{"name":"wp","href":"https:\/\/api.w.org\/{rel}","templated":true}]}}