{"id":14450,"date":"2024-10-31T12:00:00","date_gmt":"2024-10-31T15:00:00","guid":{"rendered":"https:\/\/sgvaimudar.com.br\/?p=14450"},"modified":"2024-10-31T09:20:28","modified_gmt":"2024-10-31T12:20:28","slug":"prefeitura-realiza-reformas-em-clinicas-do-mutondo-e-barro-vermelho","status":"publish","type":"post","link":"https:\/\/sgvaimudar.com.br\/index.php\/2024\/10\/31\/prefeitura-realiza-reformas-em-clinicas-do-mutondo-e-barro-vermelho\/","title":{"rendered":"Prefeitura realiza reformas em cl\u00ednicas do Mutondo e Barro Vermelho"},"content":{"rendered":"\n<p><em>Unidades mant\u00eam atendimento durante as interven\u00e7\u00f5es\u00a0\u00a0\u00a0<\/em><\/p>\n\n\n\n<p>As cl\u00ednicas municipais gon\u00e7alenses do Mutondo e do Barro Vermelho entraram na listagem de unidades de sa\u00fade que recebem as revitaliza\u00e7\u00f5es da Secretaria de Sa\u00fade da Prefeitura de S\u00e3o Gon\u00e7alo. Segundo o Executivo, as duas j\u00e1 receberam melhorias e reformas em v\u00e1rios setores para melhor atender os pacientes e dar local mais digno de trabalho para os funcion\u00e1rios.\u00a0<\/p>\n\n\n\n<figure class=\"wp-block-image size-full\"><img fetchpriority=\"high\" decoding=\"async\" width=\"1024\" height=\"768\" src=\"https:\/\/sgvaimudar.com.br\/wp-content\/uploads\/2024\/10\/unnamed-8-9.jpg\" alt=\"\" class=\"wp-image-14451\" srcset=\"https:\/\/sgvaimudar.com.br\/wp-content\/uploads\/2024\/10\/unnamed-8-9.jpg 1024w, https:\/\/sgvaimudar.com.br\/wp-content\/uploads\/2024\/10\/unnamed-8-9-300x225.jpg 300w, https:\/\/sgvaimudar.com.br\/wp-content\/uploads\/2024\/10\/unnamed-8-9-768x576.jpg 768w\" sizes=\"(max-width: 1024px) 100vw, 1024px\" \/><\/figure>\n\n\n\n<p>No Barro Vermelho, a sala de curativos e a de fisioterapia passaram por adequa\u00e7\u00f5es. A recep\u00e7\u00e3o foi completamente modificada e o acesso ao Centro de Especialidades Odontol\u00f3gicas (CEO) foi remanejado, funcionando como um setor independente, e ganhou mais um consult\u00f3rio.\u00a0<\/p>\n\n\n\n<p>A entrada recebeu cobertura met\u00e1lica e espa\u00e7o de espera para os pacientes. Tamb\u00e9m foi montado um novo setor de regula\u00e7\u00e3o e jardinagem no espa\u00e7o externo. O ambulat\u00f3rio de sa\u00fade mental Nise da Silveira foi remodelado e reformado.<\/p>\n\n\n\n<p>A Cl\u00ednica Gon\u00e7alense do Mutondo recebeu nova pintura em toda a unidade, incluindo as portas e servi\u00e7os de manuten\u00e7\u00e3o em geral. \u201cMelhoramos as duas unidades. Os banheiros tamb\u00e9m foram reformados e alguns adaptados para pessoas com defici\u00eancia (PCD). As mudan\u00e7as foram necess\u00e1rias para o fluxo de pacientes funcionar melhor e para atender normas do Minist\u00e9rio da Sa\u00fade\u201d, explicou a secret\u00e1ria de Sa\u00fade de S\u00e3o Gon\u00e7alo, Dra. Bianca Serour.\u00a0\u00a0<\/p>\n\n\n\n<p>As obras acontecem por etapas para n\u00e3o atrapalhar os atendimentos aos pacientes. Al\u00e9m das adequa\u00e7\u00f5es, as cl\u00ednicas receberam manuten\u00e7\u00e3o nas redes el\u00e9trica e hidr\u00e1ulica, no telhado e melhorias em geral. A Secretaria realiza obras de manuten\u00e7\u00e3o e adequa\u00e7\u00e3o em v\u00e1rias unidades de sa\u00fade. <\/p>\n\n\n\n<p>&#8220;O objetivo \u00e9 oferecer ambientes adequados para os pacientes e funcion\u00e1rios. As obras s\u00e3o uma determina\u00e7\u00e3o do prefeito Capit\u00e3o Nelson para que os pacientes tenham instala\u00e7\u00f5es mais humanizadas e consigam ser melhor acolhidos pelos funcion\u00e1rios&#8221;, disse o poder p\u00fablico na nota.\u00a0<\/p>\n\n\n\n<p><em>Fotos: Luiz Carvalho<\/em><\/p>\n\n\n\n<p><strong><em><sup>S\u00e3o Gon\u00e7alo Vai Mudar. O Maior Portal da Cidade.<\/sup><\/em><\/strong><\/p>\n\n\n\n<figure class=\"wp-block-image size-full\"><img decoding=\"async\" width=\"251\" height=\"88\" src=\"https:\/\/sgvaimudar.com.br\/wp-content\/uploads\/2023\/08\/Logo.png\" alt=\"\" class=\"wp-image-2738\" \/><\/figure>\n","protected":false},"excerpt":{"rendered":"<p>Unidades mant\u00eam atendimento durante as interven\u00e7\u00f5es\u00a0\u00a0\u00a0 As cl\u00ednicas municipais gon\u00e7alenses do Mutondo e do Barro Vermelho entraram na listagem de&hellip;<\/p>\n","protected":false},"author":5,"featured_media":14452,"comment_status":"open","ping_status":"open","sticky":false,"template":"","format":"standard","meta":{"fifu_image_url":"","fifu_image_alt":"","footnotes":""},"categories":[3,7],"tags":[],"class_list":["post-14450","post","type-post","status-publish","format-standard","has-post-thumbnail","hentry","category-sao-goncalo","category-saude"],"_links":{"self":[{"href":"https:\/\/sgvaimudar.com.br\/index.php\/wp-json\/wp\/v2\/posts\/14450","targetHints":{"allow":["GET"]}}],"collection":[{"href":"https:\/\/sgvaimudar.com.br\/index.php\/wp-json\/wp\/v2\/posts"}],"about":[{"href":"https:\/\/sgvaimudar.com.br\/index.php\/wp-json\/wp\/v2\/types\/post"}],"author":[{"embeddable":true,"href":"https:\/\/sgvaimudar.com.br\/index.php\/wp-json\/wp\/v2\/users\/5"}],"replies":[{"embeddable":true,"href":"https:\/\/sgvaimudar.com.br\/index.php\/wp-json\/wp\/v2\/comments?post=14450"}],"version-history":[{"count":2,"href":"https:\/\/sgvaimudar.com.br\/index.php\/wp-json\/wp\/v2\/posts\/14450\/revisions"}],"predecessor-version":[{"id":14455,"href":"https:\/\/sgvaimudar.com.br\/index.php\/wp-json\/wp\/v2\/posts\/14450\/revisions\/14455"}],"wp:featuredmedia":[{"embeddable":true,"href":"https:\/\/sgvaimudar.com.br\/index.php\/wp-json\/wp\/v2\/media\/14452"}],"wp:attachment":[{"href":"https:\/\/sgvaimudar.com.br\/index.php\/wp-json\/wp\/v2\/media?parent=14450"}],"wp:term":[{"taxonomy":"category","embeddable":true,"href":"https:\/\/sgvaimudar.com.br\/index.php\/wp-json\/wp\/v2\/categories?post=14450"},{"taxonomy":"post_tag","embeddable":true,"href":"https:\/\/sgvaimudar.com.br\/index.php\/wp-json\/wp\/v2\/tags?post=14450"}],"curies":[{"name":"wp","href":"https:\/\/api.w.org\/{rel}","templated":true}]}}