{"id":14446,"date":"2024-10-31T11:00:00","date_gmt":"2024-10-31T14:00:00","guid":{"rendered":"https:\/\/sgvaimudar.com.br\/?p=14446"},"modified":"2024-10-31T09:07:11","modified_gmt":"2024-10-31T12:07:11","slug":"programa-saude-na-escola-da-orientacoes-sobre-hanseniase","status":"publish","type":"post","link":"https:\/\/sgvaimudar.com.br\/index.php\/2024\/10\/31\/programa-saude-na-escola-da-orientacoes-sobre-hanseniase\/","title":{"rendered":"Programa Sa\u00fade na Escola d\u00e1 orienta\u00e7\u00f5es sobre hansen\u00edase"},"content":{"rendered":"\n<p><em>Palestra na Secretaria de Educa\u00e7\u00e3o re\u00fane profissionais da rede municipal<\/em><\/p>\n\n\n\n<p>O Programa Sa\u00fade na Escola (PSE), uma parceria entre as secretarias de Sa\u00fade e Defesa Civil e Educa\u00e7\u00e3o, promoveu, nesta quarta-feira (30), uma palestra com a coordenadora do Programa Municipal de Hansen\u00edase, Savana das Gra\u00e7as. O evento reuniu diretores, orientadores educacionais e orientadores pedag\u00f3gicos das escolas municipais, que receberam informa\u00e7\u00f5es sobre sintomas e tratamento da Hansen\u00edase, no audit\u00f3rio da Secretaria de Educa\u00e7\u00e3o, no Mutondo.<\/p>\n\n\n\n<figure class=\"wp-block-image size-large\"><img fetchpriority=\"high\" decoding=\"async\" width=\"1024\" height=\"768\" src=\"https:\/\/sgvaimudar.com.br\/wp-content\/uploads\/2024\/10\/unnamed-6-11-1024x768.jpg\" alt=\"\" class=\"wp-image-14447\" srcset=\"https:\/\/sgvaimudar.com.br\/wp-content\/uploads\/2024\/10\/unnamed-6-11-1024x768.jpg 1024w, https:\/\/sgvaimudar.com.br\/wp-content\/uploads\/2024\/10\/unnamed-6-11-300x225.jpg 300w, https:\/\/sgvaimudar.com.br\/wp-content\/uploads\/2024\/10\/unnamed-6-11-768x576.jpg 768w, https:\/\/sgvaimudar.com.br\/wp-content\/uploads\/2024\/10\/unnamed-6-11-1536x1152.jpg 1536w, https:\/\/sgvaimudar.com.br\/wp-content\/uploads\/2024\/10\/unnamed-6-11-2048x1536.jpg 2048w\" sizes=\"(max-width: 1024px) 100vw, 1024px\" \/><\/figure>\n\n\n\n<p>O evento alertou para a conscientiza\u00e7\u00e3o da popula\u00e7\u00e3o e identifica\u00e7\u00e3o da doen\u00e7a, para que os funcion\u00e1rios saibam agir de forma assertiva e possam instruir a pessoa para o tratamento correto.<\/p>\n\n\n\n<p>&#8220;A palestra tem como objetivo contar a hist\u00f3ria da hansen\u00edase em S\u00e3o Gon\u00e7alo e comparar com outros pa\u00edses, al\u00e9m de explicar como acontece a transmiss\u00e3o da doen\u00e7a e como se identifica&nbsp;sinais e sintomas. \u00c9 um momento para tirar d\u00favidas de como lidar com alunos e familiares no ambiente escolar&#8221;, afirmou a coordenadora do PSE, M\u00f4nica Marques.<\/p>\n\n\n\n<p>Al\u00e9m dessa, o PSE ainda far\u00e1 outras capacita\u00e7\u00f5es alertando sobre outras quest\u00f5es pertinentes \u00e0 sa\u00fade no ambiente escolar como Tuberculose; Sa\u00fade da popula\u00e7\u00e3o negra e doen\u00e7a falciforme; Di\u00e1logo sobre preconceitos no ambiente escolar gerando Viol\u00eancias\/ bullying e Preven\u00e7\u00e3o e tratamento das IST\/Aids.<\/p>\n\n\n\n<p>\u201cSabemos que hansen\u00edase \u00e9 uma das doen\u00e7as mais antigas do mundo e rodeada de mitos, mas, atrav\u00e9s dessa palestra tivemos a possibilidade de desmistificar muitas falas equivocadas. A palestra tamb\u00e9m foi fundamental para aquisi\u00e7\u00e3o de mais conhecimentos sobre a doen\u00e7a e de aux\u00edlio para nossa atua\u00e7\u00e3o enquanto profissionais da educa\u00e7\u00e3o, caso tenhamos alguma situa\u00e7\u00e3o de Hansen\u00edase com um aluno ou em sua fam\u00edlia, dentro da escola\u201d, disse a diretora da Escola Municipal Maria Eul\u00e1lia Concei\u00e7\u00e3o de Oliveira Maciel, no bairro Raul Veiga, D\u00e9bora Rezende.<\/p>\n\n\n\n<p><strong><em><sup>S\u00e3o Gon\u00e7alo Vai Mudar. O Maior Portal da Cidade.<\/sup><\/em><\/strong><\/p>\n\n\n\n<figure class=\"wp-block-image size-full\"><img decoding=\"async\" width=\"251\" height=\"88\" src=\"https:\/\/sgvaimudar.com.br\/wp-content\/uploads\/2023\/08\/Logo.png\" alt=\"\" class=\"wp-image-2738\" \/><\/figure>\n","protected":false},"excerpt":{"rendered":"<p>Palestra na Secretaria de Educa\u00e7\u00e3o re\u00fane profissionais da rede municipal O Programa Sa\u00fade na Escola (PSE), uma parceria entre as&hellip;<\/p>\n","protected":false},"author":5,"featured_media":14448,"comment_status":"open","ping_status":"open","sticky":false,"template":"","format":"standard","meta":{"fifu_image_url":"","fifu_image_alt":"","footnotes":""},"categories":[7],"tags":[],"class_list":["post-14446","post","type-post","status-publish","format-standard","has-post-thumbnail","hentry","category-saude"],"_links":{"self":[{"href":"https:\/\/sgvaimudar.com.br\/index.php\/wp-json\/wp\/v2\/posts\/14446","targetHints":{"allow":["GET"]}}],"collection":[{"href":"https:\/\/sgvaimudar.com.br\/index.php\/wp-json\/wp\/v2\/posts"}],"about":[{"href":"https:\/\/sgvaimudar.com.br\/index.php\/wp-json\/wp\/v2\/types\/post"}],"author":[{"embeddable":true,"href":"https:\/\/sgvaimudar.com.br\/index.php\/wp-json\/wp\/v2\/users\/5"}],"replies":[{"embeddable":true,"href":"https:\/\/sgvaimudar.com.br\/index.php\/wp-json\/wp\/v2\/comments?post=14446"}],"version-history":[{"count":1,"href":"https:\/\/sgvaimudar.com.br\/index.php\/wp-json\/wp\/v2\/posts\/14446\/revisions"}],"predecessor-version":[{"id":14449,"href":"https:\/\/sgvaimudar.com.br\/index.php\/wp-json\/wp\/v2\/posts\/14446\/revisions\/14449"}],"wp:featuredmedia":[{"embeddable":true,"href":"https:\/\/sgvaimudar.com.br\/index.php\/wp-json\/wp\/v2\/media\/14448"}],"wp:attachment":[{"href":"https:\/\/sgvaimudar.com.br\/index.php\/wp-json\/wp\/v2\/media?parent=14446"}],"wp:term":[{"taxonomy":"category","embeddable":true,"href":"https:\/\/sgvaimudar.com.br\/index.php\/wp-json\/wp\/v2\/categories?post=14446"},{"taxonomy":"post_tag","embeddable":true,"href":"https:\/\/sgvaimudar.com.br\/index.php\/wp-json\/wp\/v2\/tags?post=14446"}],"curies":[{"name":"wp","href":"https:\/\/api.w.org\/{rel}","templated":true}]}}