{"id":14442,"date":"2024-10-31T08:59:44","date_gmt":"2024-10-31T11:59:44","guid":{"rendered":"https:\/\/sgvaimudar.com.br\/?p=14442"},"modified":"2024-10-31T08:59:44","modified_gmt":"2024-10-31T11:59:44","slug":"sao-goncalo-atua-nos-preparativos-para-dia-de-finados","status":"publish","type":"post","link":"https:\/\/sgvaimudar.com.br\/index.php\/2024\/10\/31\/sao-goncalo-atua-nos-preparativos-para-dia-de-finados\/","title":{"rendered":"S\u00e3o Gon\u00e7alo atua nos preparativos para Dia de Finados"},"content":{"rendered":"\n<p><em>Cemit\u00e9rios estar\u00e3o abertos de 8h \u00e0s 17h no pr\u00f3ximo s\u00e1bado<\/em><\/p>\n\n\n\n<p>Com a proximidade do Dia de Finados, celebrado neste s\u00e1bado, 2 de novembro, a Prefeitura de S\u00e3o Gon\u00e7alo, por meio da Administra\u00e7\u00e3o Funer\u00e1ria, segue refor\u00e7ando os servi\u00e7os de conserva\u00e7\u00e3o e manuten\u00e7\u00e3o nos cemit\u00e9rios p\u00fablicos da cidade para receber a popula\u00e7\u00e3o. A visita\u00e7\u00e3o nas unidades do Pacheco, Ipi\u00edba, S\u00e3o Miguel e S\u00e3o Gon\u00e7alo ser\u00e1 das 8h \u00e0s 17h.\u00a0<\/p>\n\n\n\n<figure class=\"wp-block-image size-large\"><img fetchpriority=\"high\" decoding=\"async\" width=\"1024\" height=\"684\" src=\"https:\/\/sgvaimudar.com.br\/wp-content\/uploads\/2024\/10\/unnamed-3-16-1024x684.jpg\" alt=\"\" class=\"wp-image-14443\" srcset=\"https:\/\/sgvaimudar.com.br\/wp-content\/uploads\/2024\/10\/unnamed-3-16-1024x684.jpg 1024w, https:\/\/sgvaimudar.com.br\/wp-content\/uploads\/2024\/10\/unnamed-3-16-300x200.jpg 300w, https:\/\/sgvaimudar.com.br\/wp-content\/uploads\/2024\/10\/unnamed-3-16-768x513.jpg 768w, https:\/\/sgvaimudar.com.br\/wp-content\/uploads\/2024\/10\/unnamed-3-16-1536x1027.jpg 1536w, https:\/\/sgvaimudar.com.br\/wp-content\/uploads\/2024\/10\/unnamed-3-16.jpg 1616w\" sizes=\"(max-width: 1024px) 100vw, 1024px\" \/><\/figure>\n\n\n\n<p>Os cemit\u00e9rios est\u00e3o recebendo pintura em muros e meio-fios, limpeza nos t\u00famulos, no entorno e no interior das unidades. A Vigil\u00e2ncia em Sa\u00fade Ambiental tamb\u00e9m est\u00e1 intensificando o trabalho com os motofogs nos cemit\u00e9rios.<\/p>\n\n\n\n<p>A tradicional Santa Missa de Finados ser\u00e1 celebrada em dois hor\u00e1rios nos cemit\u00e9rios de S\u00e3o Gon\u00e7alo e S\u00e3o Miguel: \u00e0s 8h30 e 10h.<\/p>\n\n\n\n<p>Como acontece todos os anos, as Secretarias de Ordem P\u00fablica, atrav\u00e9s da Guarda Municipal e da Ronda Ostensiva Municipal (ROMU), e de Transportes ir\u00e3o auxiliar o tr\u00e2nsito nos arredores e no fluxo dos visitantes nas unidades durante o feriado.<\/p>\n\n\n\n<p><em>Fotos: Renan Otto<\/em><\/p>\n\n\n\n<p><strong><em><sup>S\u00e3o Gon\u00e7alo Vai Mudar. O Maior Portal da Cidade.<\/sup><\/em><\/strong><\/p>\n\n\n\n<figure class=\"wp-block-image size-full\"><img decoding=\"async\" width=\"251\" height=\"88\" src=\"https:\/\/sgvaimudar.com.br\/wp-content\/uploads\/2023\/08\/Logo.png\" alt=\"\" class=\"wp-image-2738\" \/><\/figure>\n\n\n\n<p> <\/p>\n","protected":false},"excerpt":{"rendered":"<p>Cemit\u00e9rios estar\u00e3o abertos de 8h \u00e0s 17h no pr\u00f3ximo s\u00e1bado Com a proximidade do Dia de Finados, celebrado neste s\u00e1bado,&hellip;<\/p>\n","protected":false},"author":5,"featured_media":14444,"comment_status":"open","ping_status":"open","sticky":false,"template":"","format":"standard","meta":{"fifu_image_url":"","fifu_image_alt":"","footnotes":""},"categories":[3],"tags":[],"class_list":["post-14442","post","type-post","status-publish","format-standard","has-post-thumbnail","hentry","category-sao-goncalo"],"_links":{"self":[{"href":"https:\/\/sgvaimudar.com.br\/index.php\/wp-json\/wp\/v2\/posts\/14442","targetHints":{"allow":["GET"]}}],"collection":[{"href":"https:\/\/sgvaimudar.com.br\/index.php\/wp-json\/wp\/v2\/posts"}],"about":[{"href":"https:\/\/sgvaimudar.com.br\/index.php\/wp-json\/wp\/v2\/types\/post"}],"author":[{"embeddable":true,"href":"https:\/\/sgvaimudar.com.br\/index.php\/wp-json\/wp\/v2\/users\/5"}],"replies":[{"embeddable":true,"href":"https:\/\/sgvaimudar.com.br\/index.php\/wp-json\/wp\/v2\/comments?post=14442"}],"version-history":[{"count":1,"href":"https:\/\/sgvaimudar.com.br\/index.php\/wp-json\/wp\/v2\/posts\/14442\/revisions"}],"predecessor-version":[{"id":14445,"href":"https:\/\/sgvaimudar.com.br\/index.php\/wp-json\/wp\/v2\/posts\/14442\/revisions\/14445"}],"wp:featuredmedia":[{"embeddable":true,"href":"https:\/\/sgvaimudar.com.br\/index.php\/wp-json\/wp\/v2\/media\/14444"}],"wp:attachment":[{"href":"https:\/\/sgvaimudar.com.br\/index.php\/wp-json\/wp\/v2\/media?parent=14442"}],"wp:term":[{"taxonomy":"category","embeddable":true,"href":"https:\/\/sgvaimudar.com.br\/index.php\/wp-json\/wp\/v2\/categories?post=14442"},{"taxonomy":"post_tag","embeddable":true,"href":"https:\/\/sgvaimudar.com.br\/index.php\/wp-json\/wp\/v2\/tags?post=14442"}],"curies":[{"name":"wp","href":"https:\/\/api.w.org\/{rel}","templated":true}]}}