{"id":14420,"date":"2024-10-30T19:00:00","date_gmt":"2024-10-30T22:00:00","guid":{"rendered":"https:\/\/sgvaimudar.com.br\/?p=14420"},"modified":"2024-10-30T10:36:21","modified_gmt":"2024-10-30T13:36:21","slug":"apos-boicote-de-real-madrid-editor-chefe-da-france-football-explica-por-que-vini-jr-perdeu-premio","status":"publish","type":"post","link":"https:\/\/sgvaimudar.com.br\/index.php\/2024\/10\/30\/apos-boicote-de-real-madrid-editor-chefe-da-france-football-explica-por-que-vini-jr-perdeu-premio\/","title":{"rendered":"Ap\u00f3s boicote de Real Madrid, editor-chefe da France Football explica por que Vini Jr. perdeu pr\u00eamio"},"content":{"rendered":"\n<p>O editor-chefe da revista France Football, Vincent Garcia, que organizou a premia\u00e7\u00e3o Bola de Ouro em parceria com a Uefa, revelou os motivos pelos quais Vini Jr. n\u00e3o levou o pr\u00eamio este ano.\u00a0&#8220;\u00c9 \u00f3bvio que Vinicius provavelmente sofreu com a presen\u00e7a de Bellingham e Carvajal no top 5 do Bola de Ouro, porque matematicamente isso lhe tirou alguns pontos&#8221;, afirmou.<\/p>\n\n\n\n<p>&#8220;Isto tamb\u00e9m reflete a temporada do Real Madrid, que teve tr\u00eas e quatro jogadores [no ranking], o que fez com que os juradores dividissem seus votos entre eles, e acabou beneficiando Rodri [o vencedor]&#8221;, completou.<\/p>\n\n\n\n<p>A equipe do Real Madrid boicotou a cerim\u00f4nia em Paris na segunda-feira, 28, ao descobrir que o jogador brasileiro n\u00e3o levaria o pr\u00eamio.&nbsp;Ele era considerado o favorito para vencer o Bola de Ouro na categoria masculino, que teve Rodri, do Manchester City, como campe\u00e3o. Com a premia\u00e7\u00e3o, ele foi consagrado o melhor jogador do mundo desta temporada.&nbsp;<\/p>\n\n\n\n<p>&#8220;Sofri muita press\u00e3o do Real Madrid, mas, como ocorre co outros clubes, fui sempre claro e justo. Talvez o meu sil\u00eancio os tenha levado ao limite, mas fiz igual com os outros. Fiquei desagradavelmente surpreendido com a aus\u00eancia deles&#8221;, disse Garcia.<\/p>\n\n\n\n<p>Os n\u00fameros mostram que o atacante do Real Madrid teve temporada de melhor do mundo. Vini Jr. brilhou e levou o clube espanhol ao 15\u00ba t\u00edtulo da Liga dos Campe\u00f5es. Ele tamb\u00e9m foi destaque na campanha vitoriosa da La Liga.&nbsp;<\/p>\n\n\n\n<p>&#8220;Eu faria 10x se for preciso. Eles n\u00e3o est\u00e3o preparados&#8221;, escreveu Vini Jr. ap\u00f3s ter ficado em segundo lugar. Em tom de protesto, o Real Madrid n\u00e3o enviou representantes para a cerim\u00f4nia, no qual ganhou o pr\u00eamio de melhor time da temporada.&nbsp;<\/p>\n\n\n\n<p>Em nota \u00e0 AFP, o clube espanhol declarou que &#8220;se os crit\u00e9rios do pr\u00eamio n\u00e3o proclamam Vinicius como vencedor, esses mesmos crit\u00e9rios deveriam proclamar Carvajal como vencedor. Como isso n\u00e3o ocorreu, \u00e9 \u00f3bvio que a Bola de Ouro n\u00e3o respeita o Real Madrid&#8221;.<\/p>\n\n\n\n<p><strong><em><sup>S\u00e3o Gon\u00e7alo Vai Mudar. O Maior Portal da Cidade.<\/sup><\/em><\/strong><\/p>\n\n\n\n<figure class=\"wp-block-image size-full\"><img decoding=\"async\" width=\"251\" height=\"88\" src=\"https:\/\/sgvaimudar.com.br\/wp-content\/uploads\/2023\/08\/Logo.png\" alt=\"\" class=\"wp-image-2738\" \/><\/figure>\n\n\n\n<p> <\/p>\n","protected":false},"excerpt":{"rendered":"<p>O editor-chefe da revista France Football, Vincent Garcia, que organizou a premia\u00e7\u00e3o Bola de Ouro em parceria com a Uefa,&hellip;<\/p>\n","protected":false},"author":5,"featured_media":9201,"comment_status":"open","ping_status":"open","sticky":false,"template":"","format":"standard","meta":{"fifu_image_url":"","fifu_image_alt":"","footnotes":""},"categories":[5],"tags":[],"class_list":["post-14420","post","type-post","status-publish","format-standard","has-post-thumbnail","hentry","category-esportes"],"_links":{"self":[{"href":"https:\/\/sgvaimudar.com.br\/index.php\/wp-json\/wp\/v2\/posts\/14420","targetHints":{"allow":["GET"]}}],"collection":[{"href":"https:\/\/sgvaimudar.com.br\/index.php\/wp-json\/wp\/v2\/posts"}],"about":[{"href":"https:\/\/sgvaimudar.com.br\/index.php\/wp-json\/wp\/v2\/types\/post"}],"author":[{"embeddable":true,"href":"https:\/\/sgvaimudar.com.br\/index.php\/wp-json\/wp\/v2\/users\/5"}],"replies":[{"embeddable":true,"href":"https:\/\/sgvaimudar.com.br\/index.php\/wp-json\/wp\/v2\/comments?post=14420"}],"version-history":[{"count":1,"href":"https:\/\/sgvaimudar.com.br\/index.php\/wp-json\/wp\/v2\/posts\/14420\/revisions"}],"predecessor-version":[{"id":14421,"href":"https:\/\/sgvaimudar.com.br\/index.php\/wp-json\/wp\/v2\/posts\/14420\/revisions\/14421"}],"wp:featuredmedia":[{"embeddable":true,"href":"https:\/\/sgvaimudar.com.br\/index.php\/wp-json\/wp\/v2\/media\/9201"}],"wp:attachment":[{"href":"https:\/\/sgvaimudar.com.br\/index.php\/wp-json\/wp\/v2\/media?parent=14420"}],"wp:term":[{"taxonomy":"category","embeddable":true,"href":"https:\/\/sgvaimudar.com.br\/index.php\/wp-json\/wp\/v2\/categories?post=14420"},{"taxonomy":"post_tag","embeddable":true,"href":"https:\/\/sgvaimudar.com.br\/index.php\/wp-json\/wp\/v2\/tags?post=14420"}],"curies":[{"name":"wp","href":"https:\/\/api.w.org\/{rel}","templated":true}]}}