{"id":14411,"date":"2024-10-30T15:00:00","date_gmt":"2024-10-30T18:00:00","guid":{"rendered":"https:\/\/sgvaimudar.com.br\/?p=14411"},"modified":"2024-10-30T10:16:54","modified_gmt":"2024-10-30T13:16:54","slug":"governador-do-rio-defende-o-fim-da-adpf-635-e-autonomia-para-estados-tracarem-sua-legislacao-penal-para-reducao-da-violencia","status":"publish","type":"post","link":"https:\/\/sgvaimudar.com.br\/index.php\/2024\/10\/30\/governador-do-rio-defende-o-fim-da-adpf-635-e-autonomia-para-estados-tracarem-sua-legislacao-penal-para-reducao-da-violencia\/","title":{"rendered":"Governador do Rio defende o fim da ADPF-635 e autonomia para estados tra\u00e7arem sua legisla\u00e7\u00e3o penal para redu\u00e7\u00e3o da viol\u00eancia"},"content":{"rendered":"\n<p><em>Em entrevista, governador falou sobre temas que abordar\u00e1 em reuni\u00e3o com o presidente Lula nesta quinta-feira. Entre eles, acabar com o limite de gastos da seguran\u00e7a p\u00fablica, para que o Estado possa aumentar o efetivo policial<\/em><\/p>\n\n\n\n<p>O governador Cl\u00e1udio Castro antecipou, nesta quarta-feira (30), em entrevista ao Bom Dia Rio, da TV Globo, alguns temas que abordar\u00e1 na reuni\u00e3o com o presidente Lula em Bras\u00edlia, nesta quinta-feira (31\/10). Castro vai pedir mudan\u00e7as em diretrizes que norteiam a seguran\u00e7a p\u00fablica no Estado do Rio. <\/p>\n\n\n\n<figure class=\"wp-block-image size-large\"><img fetchpriority=\"high\" decoding=\"async\" width=\"1024\" height=\"669\" src=\"https:\/\/sgvaimudar.com.br\/wp-content\/uploads\/2024\/10\/BF5A9567-1024x669.jpg\" alt=\"\" class=\"wp-image-14412\" srcset=\"https:\/\/sgvaimudar.com.br\/wp-content\/uploads\/2024\/10\/BF5A9567-1024x669.jpg 1024w, https:\/\/sgvaimudar.com.br\/wp-content\/uploads\/2024\/10\/BF5A9567-300x196.jpg 300w, https:\/\/sgvaimudar.com.br\/wp-content\/uploads\/2024\/10\/BF5A9567-768x502.jpg 768w, https:\/\/sgvaimudar.com.br\/wp-content\/uploads\/2024\/10\/BF5A9567-1536x1004.jpg 1536w, https:\/\/sgvaimudar.com.br\/wp-content\/uploads\/2024\/10\/BF5A9567-2048x1338.jpg 2048w\" sizes=\"(max-width: 1024px) 100vw, 1024px\" \/><\/figure>\n\n\n\n<p>Uma das medidas \u00e9 acabar com o limite de gastos estabelecido pela Lei de Responsabilidade Fiscal, a fim de que possa aumentar o efetivo policial e a seguran\u00e7a nas ruas. Al\u00e9m disso, vai propor que seja feita uma PEC que d\u00ea autonomia para os estados legislarem sobre seguran\u00e7a, com o objetivo de endurecer as penas, al\u00e9m de pleitear recursos federais para a constru\u00e7\u00e3o de pres\u00eddios.<\/p>\n\n\n\n<p>&#8220;Que os estados possam legislar, a exemplo dos Estados Unidos. Somos um pa\u00eds enorme em que estados apresentam quest\u00f5es particulares e algumas unidades da federa\u00e7\u00e3o, como o Rio de Janeiro, enfrentam situa\u00e7\u00f5es extremas em rela\u00e7\u00e3o \u00e0 viol\u00eancia&#8221;, defendeu o governador.<\/p>\n\n\n\n<p>Castro criticou a Argui\u00e7\u00e3o de Descumprimento de Preceito Fundamental (ADPF 635), que restringe as atividades policiais em comunidades. Ele explica que organiza\u00e7\u00f5es criminosas se fortaleceram e que aumentaram as disputas territoriais entre grupos rivais nos \u00faltimos quatro anos e a expans\u00e3o do territ\u00f3rio de algumas fac\u00e7\u00f5es.<\/p>\n\n\n\n<p>&#8220;Enquanto a ADPF continuar, ficamos limitados e o crime organizado segue ganhando for\u00e7as. Essa realidade propiciou que as fac\u00e7\u00f5es criminosas, que antes apenas comercializavam drogas, passassem a ampliar suas atividades&#8221;, afirmou Castro.<\/p>\n\n\n\n<p>O governador vai levar ao presidente tamb\u00e9m a necessidade de investimentos para a constru\u00e7\u00e3o de tr\u00eas novas unidades prisionais com capacidade para aproximadamente 2,7 mil detentos.<\/p>\n\n\n\n<p>Castro falou sobre dados na seguran\u00e7a p\u00fablica no estado durante a entrevista, al\u00e9m de destacar o contrabando de fuzis e a necessidade de integra\u00e7\u00e3o do Governo Federal no combate \u00e0 viol\u00eancia.<\/p>\n\n\n\n<p>&#8220;Somente este ano os nossos policiais apreenderam 540 fuzis e 80% do armamento apreendido s\u00e3o oriundos de outros pa\u00edses, entrando no Rio de Janeiro pelo contrabando de armas. Precisamos da ajuda do Governo Federal para realizar este trabalho nas fronteiras. Hoje, as nossas for\u00e7as de seguran\u00e7a n\u00e3o podem atuar nas vias federais&#8221;, declarou Castro.<\/p>\n\n\n\n<p>O investimento em seguran\u00e7a p\u00fablica foi destacado pelo governador, que citou os n\u00fameros do estado e ressaltou a import\u00e2ncia da reestrutura\u00e7\u00e3o das pol\u00edcias.<\/p>\n\n\n\n<p>&#8220;Desde o in\u00edcio do meu mandato estamos investindo na seguran\u00e7a p\u00fablica. Convocamos mais de 5 mil novos policiais, aumentamos as unidades do programa Seguran\u00e7a Presente, compramos equipamentos de intelig\u00eancia, aumentamos os sal\u00e1rios dos agentes. Acredito que, para levarmos seguran\u00e7a \u00e0 popula\u00e7\u00e3o, precisamos estruturar as nossas for\u00e7as de seguran\u00e7a&#8221;, disse Castro.<\/p>\n\n\n\n<p><strong><em><sup>S\u00e3o Gon\u00e7alo Vai Mudar. O Maior Portal da Cidade.<\/sup><\/em><\/strong><\/p>\n\n\n\n<figure class=\"wp-block-image size-full\"><img decoding=\"async\" width=\"251\" height=\"88\" src=\"https:\/\/sgvaimudar.com.br\/wp-content\/uploads\/2023\/08\/Logo.png\" alt=\"\" class=\"wp-image-2738\" \/><\/figure>\n","protected":false},"excerpt":{"rendered":"<p>Em entrevista, governador falou sobre temas que abordar\u00e1 em reuni\u00e3o com o presidente Lula nesta quinta-feira. Entre eles, acabar com&hellip;<\/p>\n","protected":false},"author":5,"featured_media":14413,"comment_status":"open","ping_status":"open","sticky":false,"template":"","format":"standard","meta":{"fifu_image_url":"","fifu_image_alt":"","footnotes":""},"categories":[4],"tags":[],"class_list":["post-14411","post","type-post","status-publish","format-standard","has-post-thumbnail","hentry","category-brasil"],"_links":{"self":[{"href":"https:\/\/sgvaimudar.com.br\/index.php\/wp-json\/wp\/v2\/posts\/14411","targetHints":{"allow":["GET"]}}],"collection":[{"href":"https:\/\/sgvaimudar.com.br\/index.php\/wp-json\/wp\/v2\/posts"}],"about":[{"href":"https:\/\/sgvaimudar.com.br\/index.php\/wp-json\/wp\/v2\/types\/post"}],"author":[{"embeddable":true,"href":"https:\/\/sgvaimudar.com.br\/index.php\/wp-json\/wp\/v2\/users\/5"}],"replies":[{"embeddable":true,"href":"https:\/\/sgvaimudar.com.br\/index.php\/wp-json\/wp\/v2\/comments?post=14411"}],"version-history":[{"count":1,"href":"https:\/\/sgvaimudar.com.br\/index.php\/wp-json\/wp\/v2\/posts\/14411\/revisions"}],"predecessor-version":[{"id":14414,"href":"https:\/\/sgvaimudar.com.br\/index.php\/wp-json\/wp\/v2\/posts\/14411\/revisions\/14414"}],"wp:featuredmedia":[{"embeddable":true,"href":"https:\/\/sgvaimudar.com.br\/index.php\/wp-json\/wp\/v2\/media\/14413"}],"wp:attachment":[{"href":"https:\/\/sgvaimudar.com.br\/index.php\/wp-json\/wp\/v2\/media?parent=14411"}],"wp:term":[{"taxonomy":"category","embeddable":true,"href":"https:\/\/sgvaimudar.com.br\/index.php\/wp-json\/wp\/v2\/categories?post=14411"},{"taxonomy":"post_tag","embeddable":true,"href":"https:\/\/sgvaimudar.com.br\/index.php\/wp-json\/wp\/v2\/tags?post=14411"}],"curies":[{"name":"wp","href":"https:\/\/api.w.org\/{rel}","templated":true}]}}