{"id":14407,"date":"2024-10-30T14:00:00","date_gmt":"2024-10-30T17:00:00","guid":{"rendered":"https:\/\/sgvaimudar.com.br\/?p=14407"},"modified":"2024-10-30T10:10:54","modified_gmt":"2024-10-30T13:10:54","slug":"educacao-de-sao-goncalo-estimula-talentos-artisticos","status":"publish","type":"post","link":"https:\/\/sgvaimudar.com.br\/index.php\/2024\/10\/30\/educacao-de-sao-goncalo-estimula-talentos-artisticos\/","title":{"rendered":"Educa\u00e7\u00e3o de S\u00e3o Gon\u00e7alo estimula talentos art\u00edsticos"},"content":{"rendered":"\n<p><em>&#8216;Mostra in concert&#8217; re\u00fane alunos do fundamental II e EJA<\/em><\/p>\n\n\n\n<p>A Secretaria de Educa\u00e7\u00e3o da Prefeitura de S\u00e3o Gon\u00e7alo, com o objetivo de estimular os talentos art\u00edsticos, promoveu, nesta ter\u00e7a-feira (29), o show de talentos \u201cMostra in concert\u201d, para alunos das etapas fundamental II e Educa\u00e7\u00e3o de Jovens e Adultos (EJA), no p\u00e1tio de sua sede. Durante todo o dia, os alunos das escolas municipais fizeram apresenta\u00e7\u00e3o de m\u00fasica, dan\u00e7a, teatro e projetos pedag\u00f3gicos.<\/p>\n\n\n\n<figure class=\"wp-block-image size-full\"><img fetchpriority=\"high\" decoding=\"async\" width=\"1024\" height=\"683\" src=\"https:\/\/sgvaimudar.com.br\/wp-content\/uploads\/2024\/10\/unnamed-4-12.jpg\" alt=\"\" class=\"wp-image-14408\" srcset=\"https:\/\/sgvaimudar.com.br\/wp-content\/uploads\/2024\/10\/unnamed-4-12.jpg 1024w, https:\/\/sgvaimudar.com.br\/wp-content\/uploads\/2024\/10\/unnamed-4-12-300x200.jpg 300w, https:\/\/sgvaimudar.com.br\/wp-content\/uploads\/2024\/10\/unnamed-4-12-768x512.jpg 768w\" sizes=\"(max-width: 1024px) 100vw, 1024px\" \/><\/figure>\n\n\n\n<p>A proposta da Subsecretaria de A\u00e7\u00f5es Pedag\u00f3gicas \u00e9 levar os projetos para al\u00e9m dos muros da escola, apresentando a toda a comunidade escolar, destacando talentos, gerando troca de experi\u00eancias e novas ideias. Al\u00e9m disso, essa atividade tamb\u00e9m tem foco em combater a evas\u00e3o escolar, que pode acontecer com mais frequ\u00eancia nessas etapas.<\/p>\n\n\n\n<p>\u201cTemos um olhar diferenciado para os alunos do fundamental II e da EJA, visto que \u00e9 mais dif\u00edcil captar a aten\u00e7\u00e3o deles para o conte\u00fado das aulas. Pensando nisso, a escola cria estrat\u00e9gias que fa\u00e7am com que eles se envolvam mais com a escola. A mostra est\u00e1 cheia de talentos maravilhosos e momentos como esse podem resgatar a autoestima dos alunos\u201d, disse a subsecret\u00e1ria de A\u00e7\u00f5es Pedag\u00f3gicas, Ticiane Vinhaes.<\/p>\n\n\n\n<p>A aluna da Escola Municipal Visconde de Sepetiba, em Nova Cidade, Beatriz Alves, de 14 anos, subiu ao palco sozinha e soltou a voz, com repert\u00f3rio em ingl\u00eas e portugu\u00eas. Ela contou que sua professora descobriu seu dom quando cantou em um karaok\u00ea, em um evento da escola.\u00a0<\/p>\n\n\n\n<p>\u201cQuando era menor, tamb\u00e9m cantei no coral da igreja e sempre gostei muito. Acho que foi a\u00ed que aprendi a cantar. Quando crescer quero ser artista, ainda n\u00e3o sei em qual \u00e1rea, porque gosto de cantar, desenhar e atuar, pretendo fazer faculdade de artes e teatro\u201d, afirmou a aluna.<\/p>\n\n\n\n<p><em>Fotos: Fabio Guimar\u00e3es<\/em><\/p>\n\n\n\n<p><strong><em><sup>S\u00e3o Gon\u00e7alo Vai Mudar. O Maior Portal da Cidade.<\/sup><\/em><\/strong><\/p>\n\n\n\n<figure class=\"wp-block-image size-full\"><img decoding=\"async\" width=\"251\" height=\"88\" src=\"https:\/\/sgvaimudar.com.br\/wp-content\/uploads\/2023\/08\/Logo.png\" alt=\"\" class=\"wp-image-2738\" \/><\/figure>\n","protected":false},"excerpt":{"rendered":"<p>&#8216;Mostra in concert&#8217; re\u00fane alunos do fundamental II e EJA A Secretaria de Educa\u00e7\u00e3o da Prefeitura de S\u00e3o Gon\u00e7alo, com&hellip;<\/p>\n","protected":false},"author":5,"featured_media":14409,"comment_status":"open","ping_status":"open","sticky":false,"template":"","format":"standard","meta":{"fifu_image_url":"","fifu_image_alt":"","footnotes":""},"categories":[3],"tags":[],"class_list":["post-14407","post","type-post","status-publish","format-standard","has-post-thumbnail","hentry","category-sao-goncalo"],"_links":{"self":[{"href":"https:\/\/sgvaimudar.com.br\/index.php\/wp-json\/wp\/v2\/posts\/14407","targetHints":{"allow":["GET"]}}],"collection":[{"href":"https:\/\/sgvaimudar.com.br\/index.php\/wp-json\/wp\/v2\/posts"}],"about":[{"href":"https:\/\/sgvaimudar.com.br\/index.php\/wp-json\/wp\/v2\/types\/post"}],"author":[{"embeddable":true,"href":"https:\/\/sgvaimudar.com.br\/index.php\/wp-json\/wp\/v2\/users\/5"}],"replies":[{"embeddable":true,"href":"https:\/\/sgvaimudar.com.br\/index.php\/wp-json\/wp\/v2\/comments?post=14407"}],"version-history":[{"count":1,"href":"https:\/\/sgvaimudar.com.br\/index.php\/wp-json\/wp\/v2\/posts\/14407\/revisions"}],"predecessor-version":[{"id":14410,"href":"https:\/\/sgvaimudar.com.br\/index.php\/wp-json\/wp\/v2\/posts\/14407\/revisions\/14410"}],"wp:featuredmedia":[{"embeddable":true,"href":"https:\/\/sgvaimudar.com.br\/index.php\/wp-json\/wp\/v2\/media\/14409"}],"wp:attachment":[{"href":"https:\/\/sgvaimudar.com.br\/index.php\/wp-json\/wp\/v2\/media?parent=14407"}],"wp:term":[{"taxonomy":"category","embeddable":true,"href":"https:\/\/sgvaimudar.com.br\/index.php\/wp-json\/wp\/v2\/categories?post=14407"},{"taxonomy":"post_tag","embeddable":true,"href":"https:\/\/sgvaimudar.com.br\/index.php\/wp-json\/wp\/v2\/tags?post=14407"}],"curies":[{"name":"wp","href":"https:\/\/api.w.org\/{rel}","templated":true}]}}