{"id":14401,"date":"2024-10-30T12:00:00","date_gmt":"2024-10-30T15:00:00","guid":{"rendered":"https:\/\/sgvaimudar.com.br\/?p=14401"},"modified":"2024-10-30T09:33:41","modified_gmt":"2024-10-30T12:33:41","slug":"defesa-civil-realiza-aula-inaugural-da-nova-turma-do-curso-de-voluntarios","status":"publish","type":"post","link":"https:\/\/sgvaimudar.com.br\/index.php\/2024\/10\/30\/defesa-civil-realiza-aula-inaugural-da-nova-turma-do-curso-de-voluntarios\/","title":{"rendered":"Defesa Civil realiza aula inaugural da nova turma do Curso de Volunt\u00e1rios"},"content":{"rendered":"\n<p><em>Al\u00e9m do conhecimento te\u00f3rico, alunos tamb\u00e9m ter\u00e3o atividades pr\u00e1ticas<\/em><\/p>\n\n\n\n<p>As aulas da nova turma do Curso de Volunt\u00e1rios da Defesa Civil de S\u00e3o Gon\u00e7alo, tiveram in\u00edcio, nesta ter\u00e7a-feira (29). A aula inaugural come\u00e7ou \u00e0s 11h, na Uniasselvi, no Shopping Partage, e contou com dezenas de inscritos. O principal objetivo do curso \u00e9 desenvolver atividades que busquem ensinar um pouco sobre o trabalho da Defesa Civil e como as pessoas devem agir em desastres e cat\u00e1strofes naturais.<\/p>\n\n\n\n<figure class=\"wp-block-image size-full\"><img fetchpriority=\"high\" decoding=\"async\" width=\"1024\" height=\"683\" src=\"https:\/\/sgvaimudar.com.br\/wp-content\/uploads\/2024\/10\/unnamed-2-17.jpg\" alt=\"\" class=\"wp-image-14402\" srcset=\"https:\/\/sgvaimudar.com.br\/wp-content\/uploads\/2024\/10\/unnamed-2-17.jpg 1024w, https:\/\/sgvaimudar.com.br\/wp-content\/uploads\/2024\/10\/unnamed-2-17-300x200.jpg 300w, https:\/\/sgvaimudar.com.br\/wp-content\/uploads\/2024\/10\/unnamed-2-17-768x512.jpg 768w\" sizes=\"(max-width: 1024px) 100vw, 1024px\" \/><\/figure>\n\n\n\n<p>Al\u00e9m das aulas te\u00f3ricas, o curso conta com uma aula pr\u00e1tica que ser\u00e1 desenvolvida no encerramento, em 4 de novembro, na APA do Engenho Pequeno, \u00e0s 14h. <\/p>\n\n\n\n<p>O curso \u00e9 composto por cinco m\u00f3dulos, que prop\u00f5em debates sobre temas como no\u00e7\u00f5es b\u00e1sicas de Defesa Civil e voluntariado, comunica\u00e7\u00e3o de emerg\u00eancia, abrigos tempor\u00e1rios, produtos perigosos, combate a princ\u00edpios de inc\u00eandio, atendimento pr\u00e9-hospitalar e a import\u00e2ncia da higieniza\u00e7\u00e3o das resid\u00eancias ap\u00f3s chuvas, dentre outros. As aulas s\u00e3o ministradas por agentes da Defesa Civil e secretarias parceiras.<\/p>\n\n\n\n<p>O major Felipe Assun\u00e7\u00e3o, subsecret\u00e1rio de Defesa Civil, destacou a import\u00e2ncia do curso e dessa aula inaugural para o munic\u00edpio. <\/p>\n\n\n\n<p>&#8220;Essa aula efetiva a abertura do curso e os alunos, os cidad\u00e3os, passam a entender o panorama geral do curso e as no\u00e7\u00f5es iniciais de Defesa Civil. Nessa aula abordamos o que \u00e9 a Defesa Civil como institui\u00e7\u00e3o e o conjunto de a\u00e7\u00f5es que fazemos, explicando sobre a atua\u00e7\u00e3o tamb\u00e9m estadual e nacional. Ensinamos tamb\u00e9m sobre os per\u00edodos de normalidade e anormalidade. O mun\u00edcipe se transforma em aluno e, ao final dessa jornada de cinco dias, ele se torna um volunt\u00e1rio&#8221;, afirmou o subsecret\u00e1rio.<\/p>\n\n\n\n<p>&#8220;Ao final do curso, os alunos formados ganhar\u00e3o um certificado. Vale destacar que os volunt\u00e1rios saem formados do curso, mas n\u00e3o possuem a capacita\u00e7\u00e3o para salvar e resgatar pessoas como se fossem bombeiros ou agentes da Defesa Civil. Nas a\u00e7\u00f5es, os volunt\u00e1rio tem um tratamento direcionado, apoiando abrigos, organizando mantimentos nesses locais, catalogando pessoas que precisarem de ajuda&#8221;, disse a Prefeitura na nota.<\/p>\n\n\n\n<p>F\u00e1tima Regina, de 50 anos, \u00e9 uma das alunas escritas nessa nova turma do curso. &#8220;J\u00e1 conhecia a atua\u00e7\u00e3o da Defesa Civil no munic\u00edpio e espero que, com o curso, consiga agregar conhecimento, que \u00e9 sempre bom. Espero poder levar esses ensinamentos para a localidade onde moro&#8221;, afirmou ela, que \u00e9 t\u00e9cnica de seguran\u00e7a do trabalho e mora em Neves.<\/p>\n\n\n\n<p>Anderson Costa Moura, de 46 anos, \u00e9 morador do Mutu\u00e1 e conheceu o Curso de Volunt\u00e1rios da Defesa Civil pela internet. &#8220;Espero ter mais conhecimento e ajudar onde moro, especialmente em per\u00edodos de chuvas. Quero ajudar o pr\u00f3ximo. Soube do curso pela internet e vim me inscrever. Hoje, estou aqui e animado para as aulas&#8221;, disse.<\/p>\n\n\n\n<p><em>Fotos: Fabio Guimar\u00e3es<\/em><\/p>\n\n\n\n<p><strong><em><sup>S\u00e3o Gon\u00e7alo Vai Mudar. O Maior Portal da Cidade.<\/sup><\/em><\/strong><\/p>\n\n\n\n<figure class=\"wp-block-image size-full\"><img decoding=\"async\" width=\"251\" height=\"88\" src=\"https:\/\/sgvaimudar.com.br\/wp-content\/uploads\/2023\/08\/Logo.png\" alt=\"\" class=\"wp-image-2738\" \/><\/figure>\n","protected":false},"excerpt":{"rendered":"<p>Al\u00e9m do conhecimento te\u00f3rico, alunos tamb\u00e9m ter\u00e3o atividades pr\u00e1ticas As aulas da nova turma do Curso de Volunt\u00e1rios da Defesa&hellip;<\/p>\n","protected":false},"author":5,"featured_media":14403,"comment_status":"open","ping_status":"open","sticky":false,"template":"","format":"standard","meta":{"fifu_image_url":"","fifu_image_alt":"","footnotes":""},"categories":[3],"tags":[],"class_list":["post-14401","post","type-post","status-publish","format-standard","has-post-thumbnail","hentry","category-sao-goncalo"],"_links":{"self":[{"href":"https:\/\/sgvaimudar.com.br\/index.php\/wp-json\/wp\/v2\/posts\/14401","targetHints":{"allow":["GET"]}}],"collection":[{"href":"https:\/\/sgvaimudar.com.br\/index.php\/wp-json\/wp\/v2\/posts"}],"about":[{"href":"https:\/\/sgvaimudar.com.br\/index.php\/wp-json\/wp\/v2\/types\/post"}],"author":[{"embeddable":true,"href":"https:\/\/sgvaimudar.com.br\/index.php\/wp-json\/wp\/v2\/users\/5"}],"replies":[{"embeddable":true,"href":"https:\/\/sgvaimudar.com.br\/index.php\/wp-json\/wp\/v2\/comments?post=14401"}],"version-history":[{"count":1,"href":"https:\/\/sgvaimudar.com.br\/index.php\/wp-json\/wp\/v2\/posts\/14401\/revisions"}],"predecessor-version":[{"id":14404,"href":"https:\/\/sgvaimudar.com.br\/index.php\/wp-json\/wp\/v2\/posts\/14401\/revisions\/14404"}],"wp:featuredmedia":[{"embeddable":true,"href":"https:\/\/sgvaimudar.com.br\/index.php\/wp-json\/wp\/v2\/media\/14403"}],"wp:attachment":[{"href":"https:\/\/sgvaimudar.com.br\/index.php\/wp-json\/wp\/v2\/media?parent=14401"}],"wp:term":[{"taxonomy":"category","embeddable":true,"href":"https:\/\/sgvaimudar.com.br\/index.php\/wp-json\/wp\/v2\/categories?post=14401"},{"taxonomy":"post_tag","embeddable":true,"href":"https:\/\/sgvaimudar.com.br\/index.php\/wp-json\/wp\/v2\/tags?post=14401"}],"curies":[{"name":"wp","href":"https:\/\/api.w.org\/{rel}","templated":true}]}}