{"id":14364,"date":"2024-10-29T16:00:00","date_gmt":"2024-10-29T19:00:00","guid":{"rendered":"https:\/\/sgvaimudar.com.br\/?p=14364"},"modified":"2024-10-29T11:46:11","modified_gmt":"2024-10-29T14:46:11","slug":"sao-goncalo-inicia-campanha-novembro-azul-nesta-semana","status":"publish","type":"post","link":"https:\/\/sgvaimudar.com.br\/index.php\/2024\/10\/29\/sao-goncalo-inicia-campanha-novembro-azul-nesta-semana\/","title":{"rendered":"S\u00e3o Gon\u00e7alo inicia campanha Novembro Azul nesta semana"},"content":{"rendered":"\n<p><em>Objetivo \u00e9 conscientizar homens sobre preven\u00e7\u00e3o ao c\u00e2ncer de pr\u00f3stata<\/em><\/p>\n\n\n\n<p>A equipe do Programa Integral da Sa\u00fade do Homem da Secretaria de Sa\u00fade e Defesa Civil da Prefeitura de S\u00e3o Gon\u00e7alo vai realizar palestras, rodas de conversa e dar orienta\u00e7\u00f5es em alus\u00e3o \u00e0 Campanha Novembro Azul para os pacientes das unidades municipais de sa\u00fade durante todo o m\u00eas de novembro. A abertura da campanha vai acontecer na secretaria, no dia 1\u00ba de novembro.<\/p>\n\n\n\n<figure class=\"wp-block-image size-large\"><img fetchpriority=\"high\" decoding=\"async\" width=\"1024\" height=\"1024\" src=\"https:\/\/sgvaimudar.com.br\/wp-content\/uploads\/2024\/10\/unnamed-5-12-1024x1024.jpg\" alt=\"\" class=\"wp-image-14365\" srcset=\"https:\/\/sgvaimudar.com.br\/wp-content\/uploads\/2024\/10\/unnamed-5-12-1024x1024.jpg 1024w, https:\/\/sgvaimudar.com.br\/wp-content\/uploads\/2024\/10\/unnamed-5-12-300x300.jpg 300w, https:\/\/sgvaimudar.com.br\/wp-content\/uploads\/2024\/10\/unnamed-5-12-150x150.jpg 150w, https:\/\/sgvaimudar.com.br\/wp-content\/uploads\/2024\/10\/unnamed-5-12-768x768.jpg 768w, https:\/\/sgvaimudar.com.br\/wp-content\/uploads\/2024\/10\/unnamed-5-12.jpg 1200w\" sizes=\"(max-width: 1024px) 100vw, 1024px\" \/><\/figure>\n\n\n\n<p>A Campanha Novembro Azul tem o objetivo de conscientizar os homens sobre a import\u00e2ncia do diagn\u00f3stico precoce do c\u00e2ncer de pr\u00f3stata, que pode ser detectado atrav\u00e9s de altera\u00e7\u00e3o em um tipo de exame de sangue chamado de PSA (sigla em ingl\u00eas de Prostate-Specific Antigens, que significa Ant\u00edgeno Prost\u00e1tico Espec\u00edfico).\u00a0<\/p>\n\n\n\n<p>Por isso, os pacientes das unidades de sa\u00fade municipais v\u00e3o receber as orienta\u00e7\u00f5es sobre a import\u00e2ncia do autocuidado e percep\u00e7\u00e3o das mudan\u00e7as no corpo, como e onde procurar ajuda para o diagn\u00f3stico precoce. Nas unidades com urologistas, os m\u00e9dicos far\u00e3o palestras sobre o tema.\u00a0<\/p>\n\n\n\n<p>O c\u00e2ncer de pr\u00f3stata costuma ser assintom\u00e1tico. Por isso, homens a partir dos 45 anos com fatores de risco (hist\u00f3rico familiar de c\u00e2ncer de pr\u00f3stata: pai, irm\u00e3o e tio; ra\u00e7a: homens negros sofrem maior incid\u00eancia deste tipo de c\u00e2ncer e obesidade) ou 50 anos sem estes fatores, devem ir ao m\u00e9dico, uma vez ao ano, para realizar avalia\u00e7\u00e3o.\u00a0<\/p>\n\n\n\n<p>Caso haja a suspeita do c\u00e2ncer de pr\u00f3stata, o paciente \u00e9 orientado a procurar o urologista, que pode solicitar outros exames para confirmar o diagn\u00f3stico e encaminhar para o tratamento adequado. Em S\u00e3o Gon\u00e7alo, qualquer m\u00e9dico pode pedir o exame PSA, que pode ser realizado em uma unidade de sa\u00fade que tenha laborat\u00f3rio.\u00a0\u00a0\u00a0\u00a0\u00a0\u00a0<\/p>\n\n\n\n<p>\u201cV\u00e1rias unidades de sa\u00fade v\u00e3o realizar palestras e orienta\u00e7\u00f5es sobre os cuidados com a sa\u00fade do homem. Eles s\u00e3o mais dif\u00edceis de procurar o m\u00e9dico e de se cuidar. Por isso, as a\u00e7\u00f5es, al\u00e9m da preven\u00e7\u00e3o ao c\u00e2ncer de pr\u00f3stata, v\u00e3o focar em v\u00e1rias doen\u00e7as, como as cardiovasculares e diabetes; preven\u00e7\u00e3o e tratamentos oferecidos na rede municipal\u201d, finalizou a secret\u00e1ria de Sa\u00fade de S\u00e3o Gon\u00e7alo, Bianca Serour.\u00a0<\/p>\n\n\n\n<p><strong><em><sup>S\u00e3o Gon\u00e7alo Vai Mudar. O Maior Portal da Cidade.<\/sup><\/em><\/strong><\/p>\n\n\n\n<p> <\/p>\n","protected":false},"excerpt":{"rendered":"<p>Objetivo \u00e9 conscientizar homens sobre preven\u00e7\u00e3o ao c\u00e2ncer de pr\u00f3stata A equipe do Programa Integral da Sa\u00fade do Homem da&hellip;<\/p>\n","protected":false},"author":5,"featured_media":14366,"comment_status":"open","ping_status":"open","sticky":false,"template":"","format":"standard","meta":{"fifu_image_url":"","fifu_image_alt":"","footnotes":""},"categories":[7],"tags":[],"class_list":["post-14364","post","type-post","status-publish","format-standard","has-post-thumbnail","hentry","category-saude"],"_links":{"self":[{"href":"https:\/\/sgvaimudar.com.br\/index.php\/wp-json\/wp\/v2\/posts\/14364","targetHints":{"allow":["GET"]}}],"collection":[{"href":"https:\/\/sgvaimudar.com.br\/index.php\/wp-json\/wp\/v2\/posts"}],"about":[{"href":"https:\/\/sgvaimudar.com.br\/index.php\/wp-json\/wp\/v2\/types\/post"}],"author":[{"embeddable":true,"href":"https:\/\/sgvaimudar.com.br\/index.php\/wp-json\/wp\/v2\/users\/5"}],"replies":[{"embeddable":true,"href":"https:\/\/sgvaimudar.com.br\/index.php\/wp-json\/wp\/v2\/comments?post=14364"}],"version-history":[{"count":1,"href":"https:\/\/sgvaimudar.com.br\/index.php\/wp-json\/wp\/v2\/posts\/14364\/revisions"}],"predecessor-version":[{"id":14367,"href":"https:\/\/sgvaimudar.com.br\/index.php\/wp-json\/wp\/v2\/posts\/14364\/revisions\/14367"}],"wp:featuredmedia":[{"embeddable":true,"href":"https:\/\/sgvaimudar.com.br\/index.php\/wp-json\/wp\/v2\/media\/14366"}],"wp:attachment":[{"href":"https:\/\/sgvaimudar.com.br\/index.php\/wp-json\/wp\/v2\/media?parent=14364"}],"wp:term":[{"taxonomy":"category","embeddable":true,"href":"https:\/\/sgvaimudar.com.br\/index.php\/wp-json\/wp\/v2\/categories?post=14364"},{"taxonomy":"post_tag","embeddable":true,"href":"https:\/\/sgvaimudar.com.br\/index.php\/wp-json\/wp\/v2\/tags?post=14364"}],"curies":[{"name":"wp","href":"https:\/\/api.w.org\/{rel}","templated":true}]}}