{"id":14350,"date":"2024-10-29T17:00:00","date_gmt":"2024-10-29T20:00:00","guid":{"rendered":"https:\/\/sgvaimudar.com.br\/?p=14350"},"modified":"2024-10-29T10:14:01","modified_gmt":"2024-10-29T13:14:01","slug":"gilmar-mendes-anula-condenacoes-de-jose-dirceu-na-lava-jato-assinadas-por-sergio-moro","status":"publish","type":"post","link":"https:\/\/sgvaimudar.com.br\/index.php\/2024\/10\/29\/gilmar-mendes-anula-condenacoes-de-jose-dirceu-na-lava-jato-assinadas-por-sergio-moro\/","title":{"rendered":"Gilmar Mendes anula condena\u00e7\u00f5es de Jos\u00e9 Dirceu na Lava Jato assinadas por Sergio Moro"},"content":{"rendered":"\n<p><em>Decis\u00e3o do ministro anula todas as condena\u00e7\u00f5es impostas ao ex-ministro petista no \u00e2mbito da Lava Jato, inclusive as assinadas pelo ex-juiz S\u00e9rgio Moro<\/em><\/p>\n\n\n\n<p>O ministro do Supremo Tribunal Federal (STF) Gilmar Mendes anulou nesta segunda-feira, 28, todos os atos processuais do ex-juiz Sergio Moro contra o ex-ministro Jos\u00e9 Dirceu no \u00e2mbito da Opera\u00e7\u00e3o Lava Jato.<\/p>\n\n\n\n<p>A decis\u00e3o do ministro em um habeas corpus da defesa do petista estende os efeitos da suspei\u00e7\u00e3o do ex-juiz, hoje senador pelo Uni\u00e3o Brasil do Paran\u00e1, aos processos que envolvem Dirceu.<\/p>\n\n\n\n<p>Juntas, as condena\u00e7\u00f5es na Lava Jato somavam 23 anos de pris\u00e3o por corrup\u00e7\u00e3o passiva, recebimento de vantagem indevida e lavagem de dinheiro. Agora, Mendes estendeu os efeitos da decis\u00e3o da 2\u00aa Turma do STF, que havia declarado Moro suspeito para atuar em processos contra Lula, e anulou as condena\u00e7\u00f5es de Dirceu.<\/p>\n\n\n\n<p>O petista foi preso em maio de 2018, ap\u00f3s o Tribunal Regional Federal da 4\u00aa Regi\u00e3o (TRF-4) negar por unanimidade seu \u00faltimo recurso. O mandado de pris\u00e3o foi assinado pela ent\u00e3o ju\u00edza substituta da 13\u00aa Vara Federal Gabriela Hardt.<\/p>\n\n\n\n<p>Em junho do mesmo ano, Dirceu foi solto por decis\u00e3o da Segunda Turma do Supremo Tribunal Federal (STF). Em 2019, ele foi preso novamente por uma segunda condena\u00e7\u00e3o, de 11 anos e 3 meses, por corrup\u00e7\u00e3o e lavagem de dinheiro, em esquemas de corrup\u00e7\u00e3o na Petrobras.<\/p>\n\n\n\n<p>Depois, foi solto novamente. Agora, a defesa do ex-ministro de Lula pediu que a decis\u00e3o que considerou Moro parcial em casos envolvendo Lula na Lava Jato fossem estendidas a Dirceu. O processo corre sob sigilo.<\/p>\n\n\n\n<p>Em mar\u00e7o de 2021, a 2\u00aa Turma do STF, que agora anula as condena\u00e7\u00f5es contra Dirceu, havia concedido habeas corpus a Lula no \u00e2mbito da Lava Jato. Na decis\u00e3o, os magistrados reconheceram que o ent\u00e3o juiz federal S\u00e9rgio Moro agiu com parcialidade na A\u00e7\u00e3o Penal n\u00ba 5046512-94.2016.4.04.7000, referente ao caso do tr\u00edplex do Guaruj\u00e1, cuja propriedade foi atribu\u00edda a Lula. Na decis\u00e3o do colegiado, foram apontados sete fatos que revelavam a falta de isen\u00e7\u00e3o do magistrado.<\/p>\n\n\n\n<p><strong><em><sup>S\u00e3o Gon\u00e7alo Vai Mudar. O Maior Portal da Cidade.<\/sup><\/em><\/strong><\/p>\n\n\n\n<figure class=\"wp-block-image size-full\"><img decoding=\"async\" width=\"251\" height=\"88\" src=\"https:\/\/sgvaimudar.com.br\/wp-content\/uploads\/2023\/08\/Logo.png\" alt=\"\" class=\"wp-image-2738\" \/><\/figure>\n","protected":false},"excerpt":{"rendered":"<p>Decis\u00e3o do ministro anula todas as condena\u00e7\u00f5es impostas ao ex-ministro petista no \u00e2mbito da Lava Jato, inclusive as assinadas pelo&hellip;<\/p>\n","protected":false},"author":5,"featured_media":14351,"comment_status":"open","ping_status":"open","sticky":false,"template":"","format":"standard","meta":{"fifu_image_url":"","fifu_image_alt":"","footnotes":""},"categories":[4],"tags":[],"class_list":["post-14350","post","type-post","status-publish","format-standard","has-post-thumbnail","hentry","category-brasil"],"_links":{"self":[{"href":"https:\/\/sgvaimudar.com.br\/index.php\/wp-json\/wp\/v2\/posts\/14350","targetHints":{"allow":["GET"]}}],"collection":[{"href":"https:\/\/sgvaimudar.com.br\/index.php\/wp-json\/wp\/v2\/posts"}],"about":[{"href":"https:\/\/sgvaimudar.com.br\/index.php\/wp-json\/wp\/v2\/types\/post"}],"author":[{"embeddable":true,"href":"https:\/\/sgvaimudar.com.br\/index.php\/wp-json\/wp\/v2\/users\/5"}],"replies":[{"embeddable":true,"href":"https:\/\/sgvaimudar.com.br\/index.php\/wp-json\/wp\/v2\/comments?post=14350"}],"version-history":[{"count":1,"href":"https:\/\/sgvaimudar.com.br\/index.php\/wp-json\/wp\/v2\/posts\/14350\/revisions"}],"predecessor-version":[{"id":14352,"href":"https:\/\/sgvaimudar.com.br\/index.php\/wp-json\/wp\/v2\/posts\/14350\/revisions\/14352"}],"wp:featuredmedia":[{"embeddable":true,"href":"https:\/\/sgvaimudar.com.br\/index.php\/wp-json\/wp\/v2\/media\/14351"}],"wp:attachment":[{"href":"https:\/\/sgvaimudar.com.br\/index.php\/wp-json\/wp\/v2\/media?parent=14350"}],"wp:term":[{"taxonomy":"category","embeddable":true,"href":"https:\/\/sgvaimudar.com.br\/index.php\/wp-json\/wp\/v2\/categories?post=14350"},{"taxonomy":"post_tag","embeddable":true,"href":"https:\/\/sgvaimudar.com.br\/index.php\/wp-json\/wp\/v2\/tags?post=14350"}],"curies":[{"name":"wp","href":"https:\/\/api.w.org\/{rel}","templated":true}]}}