{"id":14331,"date":"2024-10-29T09:11:33","date_gmt":"2024-10-29T12:11:33","guid":{"rendered":"https:\/\/sgvaimudar.com.br\/?p=14331"},"modified":"2024-10-29T09:16:09","modified_gmt":"2024-10-29T12:16:09","slug":"acusado-de-furto-de-carne-em-supermercado-e-preso-em-sao-goncalo","status":"publish","type":"post","link":"https:\/\/sgvaimudar.com.br\/index.php\/2024\/10\/29\/acusado-de-furto-de-carne-em-supermercado-e-preso-em-sao-goncalo\/","title":{"rendered":"Acusado de furto de carne em supermercado \u00e9 preso em S\u00e3o Gon\u00e7alo"},"content":{"rendered":"\n<p><em>De acordo com os policiais, c\u00e2meras do estabelecimento filmaram toda a a\u00e7\u00e3o<\/em><\/p>\n\n\n\n<p>Na noite de ontem (segunda-feira, 28\/10), um homem, de 31 anos, foi preso por furtar seis latas de energ\u00e9tico Redbull, duas pe\u00e7as de carne bovina e um pacote de costela su\u00edna temperada em um supermercado do bairro Mutondo, em S\u00e3o Gon\u00e7alo.<\/p>\n\n\n\n<p>O seguran\u00e7a do local, ao confirmar o ocorrido, deteve o suspeito e chamou a Pol\u00edcia Militar. A policia disse que o acusado foi flagrado pelas c\u00e2meras de seguran\u00e7a. <\/p>\n\n\n\n<p>A ocorr\u00eancia foi registrada na 74\u00aa D.P. <\/p>\n\n\n\n<p><strong>OUTRO CASO <\/strong>&#8211; No s\u00e1bado (26\/10), uma m\u00e3e e uma filha tamb\u00e9m foram presas por furtar um vale mercadorias em um supermercado do Coluband\u00ea, em S\u00e3o Gon\u00e7alo. O seguran\u00e7a do local, Deolvidio Roberto Pedroso Videira, de 58 anos, ao presenciar o crime, deteve as suspeitas e chamou a Pol\u00edcia Militar.<\/p>\n\n\n\n<p>Ao ser indagado pelas autoridades ele disse que a m\u00e3e, Vera L\u00facia da Silva, 53 anos, e que a filha, Kamila da Silva Adames, de 33 anos, furtaram o valor de 1.783,37 reais em compras do estabelecimento.<\/p>\n\n\n\n<p>A policia disse que as acusadas admitiram que furtaram por\u00e9m n\u00e3o quiseram falar mais nada.<\/p>\n\n\n\n<p>Na ocasi\u00e3o, elas foram conduzidas para a 74\u00b0DP (Alc\u00e2ntara) para as medidas cab\u00edveis e ap\u00f3s foram para \u00e0 73\u00baDP (central de flagrantes), em Neves.<\/p>\n\n\n\n<p><strong><em>S\u00e3o Gon\u00e7alo Vai Mudar. O Maior Portal da Cidade.<\/em><\/strong><\/p>\n\n\n\n<figure class=\"wp-block-image size-full\"><img decoding=\"async\" width=\"251\" height=\"88\" src=\"https:\/\/sgvaimudar.com.br\/wp-content\/uploads\/2023\/08\/Logo.png\" alt=\"\" class=\"wp-image-2738\" \/><\/figure>\n","protected":false},"excerpt":{"rendered":"<p>De acordo com os policiais, c\u00e2meras do estabelecimento filmaram toda a a\u00e7\u00e3o Na noite de ontem (segunda-feira, 28\/10), um homem,&hellip;<\/p>\n","protected":false},"author":5,"featured_media":10092,"comment_status":"open","ping_status":"open","sticky":false,"template":"","format":"standard","meta":{"fifu_image_url":"","fifu_image_alt":"","footnotes":""},"categories":[32],"tags":[],"class_list":["post-14331","post","type-post","status-publish","format-standard","has-post-thumbnail","hentry","category-casos-de-policia"],"_links":{"self":[{"href":"https:\/\/sgvaimudar.com.br\/index.php\/wp-json\/wp\/v2\/posts\/14331","targetHints":{"allow":["GET"]}}],"collection":[{"href":"https:\/\/sgvaimudar.com.br\/index.php\/wp-json\/wp\/v2\/posts"}],"about":[{"href":"https:\/\/sgvaimudar.com.br\/index.php\/wp-json\/wp\/v2\/types\/post"}],"author":[{"embeddable":true,"href":"https:\/\/sgvaimudar.com.br\/index.php\/wp-json\/wp\/v2\/users\/5"}],"replies":[{"embeddable":true,"href":"https:\/\/sgvaimudar.com.br\/index.php\/wp-json\/wp\/v2\/comments?post=14331"}],"version-history":[{"count":2,"href":"https:\/\/sgvaimudar.com.br\/index.php\/wp-json\/wp\/v2\/posts\/14331\/revisions"}],"predecessor-version":[{"id":14334,"href":"https:\/\/sgvaimudar.com.br\/index.php\/wp-json\/wp\/v2\/posts\/14331\/revisions\/14334"}],"wp:featuredmedia":[{"embeddable":true,"href":"https:\/\/sgvaimudar.com.br\/index.php\/wp-json\/wp\/v2\/media\/10092"}],"wp:attachment":[{"href":"https:\/\/sgvaimudar.com.br\/index.php\/wp-json\/wp\/v2\/media?parent=14331"}],"wp:term":[{"taxonomy":"category","embeddable":true,"href":"https:\/\/sgvaimudar.com.br\/index.php\/wp-json\/wp\/v2\/categories?post=14331"},{"taxonomy":"post_tag","embeddable":true,"href":"https:\/\/sgvaimudar.com.br\/index.php\/wp-json\/wp\/v2\/tags?post=14331"}],"curies":[{"name":"wp","href":"https:\/\/api.w.org\/{rel}","templated":true}]}}