{"id":14302,"date":"2024-10-28T19:00:00","date_gmt":"2024-10-28T22:00:00","guid":{"rendered":"https:\/\/sgvaimudar.com.br\/?p=14302"},"modified":"2024-10-28T10:45:30","modified_gmt":"2024-10-28T13:45:30","slug":"terror-em-marica-ataque-a-tiros-deixa-dois-feridos-em-imbassai","status":"publish","type":"post","link":"https:\/\/sgvaimudar.com.br\/index.php\/2024\/10\/28\/terror-em-marica-ataque-a-tiros-deixa-dois-feridos-em-imbassai\/","title":{"rendered":"Terror em Maric\u00e1: Ataque a tiros deixa dois feridos em Imbassa\u00ed"},"content":{"rendered":"\n<p>Na tarde deste domingo (27), um violento ataque a tiros aterrorizou S\u00e3o Jos\u00e9 de Imbassa\u00ed, em Maric\u00e1, deixando dois homens gravemente feridos na Rodovia Amaral Peixoto. As v\u00edtimas chegaram ao Hospital Ernesto Che Guevara com ferimentos s\u00e9rios, e um dos homens contou que foi surpreendido por disparos vindos de ocupantes de um carro n\u00e3o identificado enquanto andava pela rua \u2013 um verdadeiro cen\u00e1rio de terror.<\/p>\n\n\n\n<p>O homem, morador da Estrada Latino Mello, no bairro Palmital, foi atingido junto com outra v\u00edtima que, em estado cr\u00edtico, teve que ser submetida a uma cirurgia de urg\u00eancia. Ambos foram alvejados sem qualquer aviso, em um claro ind\u00edcio de um ataque brutal e possivelmente premeditado.<\/p>\n\n\n\n<p>O caso agora est\u00e1 nas m\u00e3os da 82\u00aa DP, que iniciou uma investiga\u00e7\u00e3o para desvendar as circunst\u00e2ncias e motiva\u00e7\u00f5es por tr\u00e1s desse crime, que, at\u00e9 o momento, n\u00e3o tem suspeitos ou pistas sobre o ve\u00edculo usado.<\/p>\n\n\n\n<p><em>Reportagem: Mauro J\u00fanior<\/em><\/p>\n\n\n\n<figure class=\"wp-block-image size-full\"><img decoding=\"async\" width=\"251\" height=\"88\" src=\"https:\/\/sgvaimudar.com.br\/wp-content\/uploads\/2023\/08\/Logo.png\" alt=\"\" class=\"wp-image-2738\" \/><\/figure>\n","protected":false},"excerpt":{"rendered":"<p>Na tarde deste domingo (27), um violento ataque a tiros aterrorizou S\u00e3o Jos\u00e9 de Imbassa\u00ed, em Maric\u00e1, deixando dois homens&hellip;<\/p>\n","protected":false},"author":5,"featured_media":14303,"comment_status":"open","ping_status":"open","sticky":false,"template":"","format":"standard","meta":{"fifu_image_url":"","fifu_image_alt":"","footnotes":""},"categories":[32],"tags":[],"class_list":["post-14302","post","type-post","status-publish","format-standard","has-post-thumbnail","hentry","category-casos-de-policia"],"_links":{"self":[{"href":"https:\/\/sgvaimudar.com.br\/index.php\/wp-json\/wp\/v2\/posts\/14302","targetHints":{"allow":["GET"]}}],"collection":[{"href":"https:\/\/sgvaimudar.com.br\/index.php\/wp-json\/wp\/v2\/posts"}],"about":[{"href":"https:\/\/sgvaimudar.com.br\/index.php\/wp-json\/wp\/v2\/types\/post"}],"author":[{"embeddable":true,"href":"https:\/\/sgvaimudar.com.br\/index.php\/wp-json\/wp\/v2\/users\/5"}],"replies":[{"embeddable":true,"href":"https:\/\/sgvaimudar.com.br\/index.php\/wp-json\/wp\/v2\/comments?post=14302"}],"version-history":[{"count":1,"href":"https:\/\/sgvaimudar.com.br\/index.php\/wp-json\/wp\/v2\/posts\/14302\/revisions"}],"predecessor-version":[{"id":14304,"href":"https:\/\/sgvaimudar.com.br\/index.php\/wp-json\/wp\/v2\/posts\/14302\/revisions\/14304"}],"wp:featuredmedia":[{"embeddable":true,"href":"https:\/\/sgvaimudar.com.br\/index.php\/wp-json\/wp\/v2\/media\/14303"}],"wp:attachment":[{"href":"https:\/\/sgvaimudar.com.br\/index.php\/wp-json\/wp\/v2\/media?parent=14302"}],"wp:term":[{"taxonomy":"category","embeddable":true,"href":"https:\/\/sgvaimudar.com.br\/index.php\/wp-json\/wp\/v2\/categories?post=14302"},{"taxonomy":"post_tag","embeddable":true,"href":"https:\/\/sgvaimudar.com.br\/index.php\/wp-json\/wp\/v2\/tags?post=14302"}],"curies":[{"name":"wp","href":"https:\/\/api.w.org\/{rel}","templated":true}]}}