{"id":14290,"date":"2024-10-28T14:00:00","date_gmt":"2024-10-28T17:00:00","guid":{"rendered":"https:\/\/sgvaimudar.com.br\/?p=14290"},"modified":"2024-10-28T10:22:49","modified_gmt":"2024-10-28T13:22:49","slug":"sos-lixao-de-itaoca-voluntarios-entregam-cestas-basicas-em-comemoracao-ao-dia-das-criancas","status":"publish","type":"post","link":"https:\/\/sgvaimudar.com.br\/index.php\/2024\/10\/28\/sos-lixao-de-itaoca-voluntarios-entregam-cestas-basicas-em-comemoracao-ao-dia-das-criancas\/","title":{"rendered":"SOS Lix\u00e3o de Itaoca: Volunt\u00e1rios entregam cestas b\u00e1sicas em comemora\u00e7\u00e3o ao Dia das Crian\u00e7as"},"content":{"rendered":"\n<p>O grupo SOS Lix\u00e3o de Itaoca, neste domingo (27), levou muita alegria para as fam\u00edlias de Itaoca ao realizar a entrega de brinquedos e cestas b\u00e1sicas em comemora\u00e7\u00e3o ao Dia das Crian\u00e7as. <\/p>\n\n\n\n<p>Segundo os populares, foi um dia repleto de sorrisos e uni\u00e3o, com a presen\u00e7a de diversos volunt\u00e1rios, todos contagiados pela felicidade de participar dessa a\u00e7\u00e3o especial. Sob a coordena\u00e7\u00e3o dos Administradores Raissa, Claudinha, Andrea e Gilmara do projeto; &#8216;Bazar me chama que vou&#8217;, o grupo consegiu superar a meta, atendendo cerca de 400 fam\u00edlias. <\/p>\n\n\n\n<p>&#8220;Com essa energia positiva, o pr\u00f3ximo objetivo j\u00e1 est\u00e1 tra\u00e7ado: doar 800 cestas b\u00e1sicas, materiais de limpeza, itens de higiene pessoal e brinquedos para o Natal de Itaoca, em dezembro&#8221;, disse Raissa na ocasi\u00e3o.<\/p>\n\n\n\n<p><em>Reportagem: Mauro J\u00fanior<\/em><\/p>\n\n\n\n<p><strong><em><sup>S\u00e3o Gon\u00e7alo Vai Mudar. O Maior Portal da Cidade.<\/sup><\/em><\/strong><\/p>\n\n\n\n<figure class=\"wp-block-image size-full\"><img decoding=\"async\" width=\"251\" height=\"88\" src=\"https:\/\/sgvaimudar.com.br\/wp-content\/uploads\/2023\/08\/Logo.png\" alt=\"\" class=\"wp-image-2738\" \/><\/figure>\n","protected":false},"excerpt":{"rendered":"<p>O grupo SOS Lix\u00e3o de Itaoca, neste domingo (27), levou muita alegria para as fam\u00edlias de Itaoca ao realizar a&hellip;<\/p>\n","protected":false},"author":5,"featured_media":14293,"comment_status":"open","ping_status":"open","sticky":false,"template":"","format":"standard","meta":{"fifu_image_url":"","fifu_image_alt":"","footnotes":""},"categories":[36,3],"tags":[],"class_list":["post-14290","post","type-post","status-publish","format-standard","has-post-thumbnail","hentry","category-bem-estar","category-sao-goncalo"],"_links":{"self":[{"href":"https:\/\/sgvaimudar.com.br\/index.php\/wp-json\/wp\/v2\/posts\/14290","targetHints":{"allow":["GET"]}}],"collection":[{"href":"https:\/\/sgvaimudar.com.br\/index.php\/wp-json\/wp\/v2\/posts"}],"about":[{"href":"https:\/\/sgvaimudar.com.br\/index.php\/wp-json\/wp\/v2\/types\/post"}],"author":[{"embeddable":true,"href":"https:\/\/sgvaimudar.com.br\/index.php\/wp-json\/wp\/v2\/users\/5"}],"replies":[{"embeddable":true,"href":"https:\/\/sgvaimudar.com.br\/index.php\/wp-json\/wp\/v2\/comments?post=14290"}],"version-history":[{"count":1,"href":"https:\/\/sgvaimudar.com.br\/index.php\/wp-json\/wp\/v2\/posts\/14290\/revisions"}],"predecessor-version":[{"id":14292,"href":"https:\/\/sgvaimudar.com.br\/index.php\/wp-json\/wp\/v2\/posts\/14290\/revisions\/14292"}],"wp:featuredmedia":[{"embeddable":true,"href":"https:\/\/sgvaimudar.com.br\/index.php\/wp-json\/wp\/v2\/media\/14293"}],"wp:attachment":[{"href":"https:\/\/sgvaimudar.com.br\/index.php\/wp-json\/wp\/v2\/media?parent=14290"}],"wp:term":[{"taxonomy":"category","embeddable":true,"href":"https:\/\/sgvaimudar.com.br\/index.php\/wp-json\/wp\/v2\/categories?post=14290"},{"taxonomy":"post_tag","embeddable":true,"href":"https:\/\/sgvaimudar.com.br\/index.php\/wp-json\/wp\/v2\/tags?post=14290"}],"curies":[{"name":"wp","href":"https:\/\/api.w.org\/{rel}","templated":true}]}}