{"id":14242,"date":"2024-10-27T10:43:09","date_gmt":"2024-10-27T13:43:09","guid":{"rendered":"https:\/\/sgvaimudar.com.br\/?p=14242"},"modified":"2024-10-27T10:46:28","modified_gmt":"2024-10-27T13:46:28","slug":"mae-e-filha-sao-presas-por-furto-em-supermercado-do-colubande","status":"publish","type":"post","link":"https:\/\/sgvaimudar.com.br\/index.php\/2024\/10\/27\/mae-e-filha-sao-presas-por-furto-em-supermercado-do-colubande\/","title":{"rendered":"M\u00e3e e filha s\u00e3o presas por furto em supermercado do Coluband\u00ea"},"content":{"rendered":"\n<p><em>De acordo com a ocorr\u00eancia, elas assumiram o envolvimento no crime<\/em><\/p>\n\n\n\n<p>Na tarde de ontem (s\u00e1bado, 26\/10), m\u00e3e e filha foram presas por furtar um vale mercadorias em um supermercado do Coluband\u00ea, em S\u00e3o Gon\u00e7alo. O seguran\u00e7a do local, Deolvidio Roberto Pedroso Videira, de 58 anos, ao presenciar o crime, deteve as suspeitas e chamou a Pol\u00edcia Militar. <\/p>\n\n\n\n<p>Ao ser indagado pelas autoridades ele disse que a m\u00e3e, Vera L\u00facia da Silva, 53 anos, e que a filha, Kamila da Silva Adames, de 33 anos, furtaram o valor de 1.783,37 reais em compras do estabelecimento.<\/p>\n\n\n\n<p>A policia disse que as acusadas admitiram que furtaram por\u00e9m n\u00e3o quiseram falar mais nada.<\/p>\n\n\n\n<p>Elas foram conduzidas para a 74\u00b0DP (Alc\u00e2ntara) para as medidas cab\u00edveis e ap\u00f3s foram para \u00e0 73\u00baDP (central de flagrantes), em Neves, onde ap\u00f3s aprecia\u00e7\u00e3o do delegado de pol\u00edcia as acusadas foram autuadas no artigo 155, furto qualificado. A pol\u00edcia ressaltou que as mulheres ficaram detidas na distrital.<\/p>\n\n\n\n<p><strong><em><sup>S\u00e3o Gon\u00e7alo Vai Mudar. O Maior Portal da Cidade.<\/sup><\/em><\/strong><\/p>\n\n\n\n<figure class=\"wp-block-image size-full\"><img decoding=\"async\" width=\"251\" height=\"88\" src=\"https:\/\/sgvaimudar.com.br\/wp-content\/uploads\/2023\/08\/Logo.png\" alt=\"\" class=\"wp-image-2738\" \/><\/figure>\n\n\n\n<p> <\/p>\n","protected":false},"excerpt":{"rendered":"<p>De acordo com a ocorr\u00eancia, elas assumiram o envolvimento no crime Na tarde de ontem (s\u00e1bado, 26\/10), m\u00e3e e filha&hellip;<\/p>\n","protected":false},"author":5,"featured_media":14243,"comment_status":"open","ping_status":"open","sticky":false,"template":"","format":"standard","meta":{"fifu_image_url":"","fifu_image_alt":"","footnotes":""},"categories":[32],"tags":[],"class_list":["post-14242","post","type-post","status-publish","format-standard","has-post-thumbnail","hentry","category-casos-de-policia"],"_links":{"self":[{"href":"https:\/\/sgvaimudar.com.br\/index.php\/wp-json\/wp\/v2\/posts\/14242","targetHints":{"allow":["GET"]}}],"collection":[{"href":"https:\/\/sgvaimudar.com.br\/index.php\/wp-json\/wp\/v2\/posts"}],"about":[{"href":"https:\/\/sgvaimudar.com.br\/index.php\/wp-json\/wp\/v2\/types\/post"}],"author":[{"embeddable":true,"href":"https:\/\/sgvaimudar.com.br\/index.php\/wp-json\/wp\/v2\/users\/5"}],"replies":[{"embeddable":true,"href":"https:\/\/sgvaimudar.com.br\/index.php\/wp-json\/wp\/v2\/comments?post=14242"}],"version-history":[{"count":3,"href":"https:\/\/sgvaimudar.com.br\/index.php\/wp-json\/wp\/v2\/posts\/14242\/revisions"}],"predecessor-version":[{"id":14247,"href":"https:\/\/sgvaimudar.com.br\/index.php\/wp-json\/wp\/v2\/posts\/14242\/revisions\/14247"}],"wp:featuredmedia":[{"embeddable":true,"href":"https:\/\/sgvaimudar.com.br\/index.php\/wp-json\/wp\/v2\/media\/14243"}],"wp:attachment":[{"href":"https:\/\/sgvaimudar.com.br\/index.php\/wp-json\/wp\/v2\/media?parent=14242"}],"wp:term":[{"taxonomy":"category","embeddable":true,"href":"https:\/\/sgvaimudar.com.br\/index.php\/wp-json\/wp\/v2\/categories?post=14242"},{"taxonomy":"post_tag","embeddable":true,"href":"https:\/\/sgvaimudar.com.br\/index.php\/wp-json\/wp\/v2\/tags?post=14242"}],"curies":[{"name":"wp","href":"https:\/\/api.w.org\/{rel}","templated":true}]}}