{"id":14221,"date":"2024-10-27T09:43:16","date_gmt":"2024-10-27T12:43:16","guid":{"rendered":"https:\/\/sgvaimudar.com.br\/?p=14221"},"modified":"2024-10-27T09:43:16","modified_gmt":"2024-10-27T12:43:16","slug":"transito-sofre-interdicao-no-vila-lage-para-obras","status":"publish","type":"post","link":"https:\/\/sgvaimudar.com.br\/index.php\/2024\/10\/27\/transito-sofre-interdicao-no-vila-lage-para-obras\/","title":{"rendered":"Tr\u00e2nsito sofre interdi\u00e7\u00e3o no Vila Lage para obras"},"content":{"rendered":"\n<p><em>Reparo em asfalto deve ser conclu\u00eddo neste domingo<\/em><\/p>\n\n\n\n<p>A Secretaria de Transportes da Prefeitura de S\u00e3o Gon\u00e7alo interditou um trecho da Avenida L\u00facio Tom\u00e9 Feteira, no Vila Lage, na manh\u00e3 deste s\u00e1bado (26), no local das obras do projeto Mobilidade Urbana Verde Integrada (Muvi).<\/p>\n\n\n\n<figure class=\"wp-block-image size-large\"><img fetchpriority=\"high\" decoding=\"async\" width=\"768\" height=\"1024\" src=\"https:\/\/sgvaimudar.com.br\/wp-content\/uploads\/2024\/10\/unnamed-27-768x1024.jpg\" alt=\"\" class=\"wp-image-14222\" srcset=\"https:\/\/sgvaimudar.com.br\/wp-content\/uploads\/2024\/10\/unnamed-27-768x1024.jpg 768w, https:\/\/sgvaimudar.com.br\/wp-content\/uploads\/2024\/10\/unnamed-27-225x300.jpg 225w, https:\/\/sgvaimudar.com.br\/wp-content\/uploads\/2024\/10\/unnamed-27.jpg 960w\" sizes=\"(max-width: 768px) 100vw, 768px\" \/><\/figure>\n\n\n\n<p>Os ve\u00edculos que transitam pela Avenida L\u00facio Tom\u00e9 Feteira, do Barro Vermelho no sentido Vila Lage e Centro, est\u00e3o sendo desviados para a Avenida Canal \u2013 via que est\u00e1 pavimentada e apta para receber o tr\u00e2nsito. Quem vem de Neves sentido Barro Vermelho ou Centro, o fluxo segue normal. A interdi\u00e7\u00e3o foi necess\u00e1ria para reparo no asfalto, que cedeu.&nbsp;<\/p>\n\n\n\n<p>A previs\u00e3o \u00e9 de que o conserto seja realizado neste s\u00e1bado (26) e que a via seja liberada na manh\u00e3 de domingo (27). A Guarda Municipal est\u00e1 no local orientando o tr\u00e2nsito.<\/p>\n\n\n\n<p><strong><em><sup>S\u00e3o Gon\u00e7alo Vai Mudar. O Maior Portal da Cidade.<\/sup><\/em><\/strong><\/p>\n\n\n\n<figure class=\"wp-block-image size-full\"><img decoding=\"async\" width=\"251\" height=\"88\" src=\"https:\/\/sgvaimudar.com.br\/wp-content\/uploads\/2023\/08\/Logo.png\" alt=\"\" class=\"wp-image-2738\" \/><\/figure>\n","protected":false},"excerpt":{"rendered":"<p>Reparo em asfalto deve ser conclu\u00eddo neste domingo A Secretaria de Transportes da Prefeitura de S\u00e3o Gon\u00e7alo interditou um trecho&hellip;<\/p>\n","protected":false},"author":5,"featured_media":14223,"comment_status":"open","ping_status":"open","sticky":false,"template":"","format":"standard","meta":{"fifu_image_url":"","fifu_image_alt":"","footnotes":""},"categories":[3],"tags":[],"class_list":["post-14221","post","type-post","status-publish","format-standard","has-post-thumbnail","hentry","category-sao-goncalo"],"_links":{"self":[{"href":"https:\/\/sgvaimudar.com.br\/index.php\/wp-json\/wp\/v2\/posts\/14221","targetHints":{"allow":["GET"]}}],"collection":[{"href":"https:\/\/sgvaimudar.com.br\/index.php\/wp-json\/wp\/v2\/posts"}],"about":[{"href":"https:\/\/sgvaimudar.com.br\/index.php\/wp-json\/wp\/v2\/types\/post"}],"author":[{"embeddable":true,"href":"https:\/\/sgvaimudar.com.br\/index.php\/wp-json\/wp\/v2\/users\/5"}],"replies":[{"embeddable":true,"href":"https:\/\/sgvaimudar.com.br\/index.php\/wp-json\/wp\/v2\/comments?post=14221"}],"version-history":[{"count":1,"href":"https:\/\/sgvaimudar.com.br\/index.php\/wp-json\/wp\/v2\/posts\/14221\/revisions"}],"predecessor-version":[{"id":14224,"href":"https:\/\/sgvaimudar.com.br\/index.php\/wp-json\/wp\/v2\/posts\/14221\/revisions\/14224"}],"wp:featuredmedia":[{"embeddable":true,"href":"https:\/\/sgvaimudar.com.br\/index.php\/wp-json\/wp\/v2\/media\/14223"}],"wp:attachment":[{"href":"https:\/\/sgvaimudar.com.br\/index.php\/wp-json\/wp\/v2\/media?parent=14221"}],"wp:term":[{"taxonomy":"category","embeddable":true,"href":"https:\/\/sgvaimudar.com.br\/index.php\/wp-json\/wp\/v2\/categories?post=14221"},{"taxonomy":"post_tag","embeddable":true,"href":"https:\/\/sgvaimudar.com.br\/index.php\/wp-json\/wp\/v2\/tags?post=14221"}],"curies":[{"name":"wp","href":"https:\/\/api.w.org\/{rel}","templated":true}]}}