{"id":14207,"date":"2024-10-26T21:00:00","date_gmt":"2024-10-27T00:00:00","guid":{"rendered":"https:\/\/sgvaimudar.com.br\/?p=14207"},"modified":"2024-10-26T09:51:51","modified_gmt":"2024-10-26T12:51:51","slug":"niteroi-manilha-e-fechada-com-urgencia-nos-dois-sentidos","status":"publish","type":"post","link":"https:\/\/sgvaimudar.com.br\/index.php\/2024\/10\/26\/niteroi-manilha-e-fechada-com-urgencia-nos-dois-sentidos\/","title":{"rendered":"Niter\u00f3i-Manilha \u00e9 fechada com urg\u00eancia nos dois sentidos"},"content":{"rendered":"\n<p><em>Queda de cabos el\u00e9tricos na Niter\u00f3i-Manilha causa interrup\u00e7\u00e3o total do tr\u00e1fego nos dois sentidos. Equipes resolveram a situa\u00e7\u00e3o<\/em><\/p>\n\n\n\n<p>Na noite desta quinta-feira (24), um\u00a0acidente envolvendo a queda de cabos el\u00e9tricos\u00a0no km 302,9 da rodovia\u00a0Niter\u00f3i-Manilha (BR-101), em SG, causou a interdi\u00e7\u00e3o total da via em ambos os sentidos. A concession\u00e1ria\u00a0Arteris Fluminense\u00a0atuou para a libera\u00e7\u00e3o\u00a0da rodovia. A regi\u00e3o ficou no escuro.<\/p>\n\n\n\n<p>No sentido\u00a0Esp\u00edrito Santo, o congestionamento atingiu 14 quil\u00f4metros, enquanto no sentido\u00a0Rio de Janeiro, a fila chegou a\u00a05 quil\u00f4metros. O tr\u00e1fego foi completamente paralisado, afetando milhares de motoristas que utilizam a BR-101.<\/p>\n\n\n\n<p>Equipes da\u00a0ENEL\u00a0foram acionadas para  a realiza\u00e7\u00e3o dos reparos necess\u00e1rios. <\/p>\n\n\n\n<p>Fonte: CN<\/p>\n\n\n\n<figure class=\"wp-block-image size-full\"><img decoding=\"async\" width=\"251\" height=\"88\" src=\"https:\/\/sgvaimudar.com.br\/wp-content\/uploads\/2023\/08\/Logo.png\" alt=\"\" class=\"wp-image-2738\" \/><\/figure>\n\n\n\n<p><\/p>\n","protected":false},"excerpt":{"rendered":"<p>Queda de cabos el\u00e9tricos na Niter\u00f3i-Manilha causa interrup\u00e7\u00e3o total do tr\u00e1fego nos dois sentidos. Equipes resolveram a situa\u00e7\u00e3o Na noite&hellip;<\/p>\n","protected":false},"author":5,"featured_media":14208,"comment_status":"open","ping_status":"open","sticky":false,"template":"","format":"standard","meta":{"fifu_image_url":"","fifu_image_alt":"","footnotes":""},"categories":[34,3],"tags":[],"class_list":["post-14207","post","type-post","status-publish","format-standard","has-post-thumbnail","hentry","category-niteroi","category-sao-goncalo"],"_links":{"self":[{"href":"https:\/\/sgvaimudar.com.br\/index.php\/wp-json\/wp\/v2\/posts\/14207","targetHints":{"allow":["GET"]}}],"collection":[{"href":"https:\/\/sgvaimudar.com.br\/index.php\/wp-json\/wp\/v2\/posts"}],"about":[{"href":"https:\/\/sgvaimudar.com.br\/index.php\/wp-json\/wp\/v2\/types\/post"}],"author":[{"embeddable":true,"href":"https:\/\/sgvaimudar.com.br\/index.php\/wp-json\/wp\/v2\/users\/5"}],"replies":[{"embeddable":true,"href":"https:\/\/sgvaimudar.com.br\/index.php\/wp-json\/wp\/v2\/comments?post=14207"}],"version-history":[{"count":1,"href":"https:\/\/sgvaimudar.com.br\/index.php\/wp-json\/wp\/v2\/posts\/14207\/revisions"}],"predecessor-version":[{"id":14209,"href":"https:\/\/sgvaimudar.com.br\/index.php\/wp-json\/wp\/v2\/posts\/14207\/revisions\/14209"}],"wp:featuredmedia":[{"embeddable":true,"href":"https:\/\/sgvaimudar.com.br\/index.php\/wp-json\/wp\/v2\/media\/14208"}],"wp:attachment":[{"href":"https:\/\/sgvaimudar.com.br\/index.php\/wp-json\/wp\/v2\/media?parent=14207"}],"wp:term":[{"taxonomy":"category","embeddable":true,"href":"https:\/\/sgvaimudar.com.br\/index.php\/wp-json\/wp\/v2\/categories?post=14207"},{"taxonomy":"post_tag","embeddable":true,"href":"https:\/\/sgvaimudar.com.br\/index.php\/wp-json\/wp\/v2\/tags?post=14207"}],"curies":[{"name":"wp","href":"https:\/\/api.w.org\/{rel}","templated":true}]}}