{"id":14200,"date":"2024-10-26T17:00:00","date_gmt":"2024-10-26T20:00:00","guid":{"rendered":"https:\/\/sgvaimudar.com.br\/?p=14200"},"modified":"2024-10-26T09:39:10","modified_gmt":"2024-10-26T12:39:10","slug":"arte-goncalense-em-debate-no-teatro-municipal","status":"publish","type":"post","link":"https:\/\/sgvaimudar.com.br\/index.php\/2024\/10\/26\/arte-goncalense-em-debate-no-teatro-municipal\/","title":{"rendered":"Arte gon\u00e7alense em debate no Teatro Municipal"},"content":{"rendered":"\n<p><em>Confer\u00eancia de Artes Contempor\u00e2neas em S\u00e3o Gon\u00e7alo teve a sua primeira edi\u00e7\u00e3o&nbsp;<\/em><\/p>\n\n\n\n<p>O Teatro Municipal foi palco nesta quinta-feira (24) para a primeira edi\u00e7\u00e3o da Confer\u00eancia de Artes Contempor\u00e2neas em S\u00e3o Gon\u00e7alo (Coarco-SG), que debateu a identidade territorial gon\u00e7alense, com o tema \u201cN\u00f3s somos daquela Terra: di\u00e1logos cruzados entre arte e territ\u00f3rio\u201d. <\/p>\n\n\n\n<figure class=\"wp-block-image size-full\"><img fetchpriority=\"high\" decoding=\"async\" width=\"1024\" height=\"659\" src=\"https:\/\/sgvaimudar.com.br\/wp-content\/uploads\/2024\/10\/unnamed-24-1.jpg\" alt=\"\" class=\"wp-image-14201\" srcset=\"https:\/\/sgvaimudar.com.br\/wp-content\/uploads\/2024\/10\/unnamed-24-1.jpg 1024w, https:\/\/sgvaimudar.com.br\/wp-content\/uploads\/2024\/10\/unnamed-24-1-300x193.jpg 300w, https:\/\/sgvaimudar.com.br\/wp-content\/uploads\/2024\/10\/unnamed-24-1-768x494.jpg 768w\" sizes=\"(max-width: 1024px) 100vw, 1024px\" \/><\/figure>\n\n\n\n<p>O evento foi realizado\u00a0pelo\u00a0Governo Federal, atrav\u00e9s do\u00a0Minist\u00e9rio da Cultura, Governo do Estado do Rio de Janeiro e Secretaria de Estado de Cultura e Economia Criativa do Rio de Janeiro, atrav\u00e9s da Lei Paulo Gustavo, com apoio da Secretaria de Turismo e Cultura de S\u00e3o Gon\u00e7alo.<\/p>\n\n\n\n<p>\u201cHoje, quando a gente fala de S\u00e3o Gon\u00e7alo, quando a gente fala de territ\u00f3rio, a gente precisa trazer essa centralidade para S\u00e3o Gon\u00e7alo. Mais do que isso, a gente precisa fazer com que a arte circule dentro de S\u00e3o Gon\u00e7alo e esse \u00e9 um desafio\u201d, disse a secret\u00e1ria de Turismo e Cultura, J\u00falia Sobreira, que tamb\u00e9m ressaltou os investimentos na cultura da cidade atrav\u00e9s dos editais da Lei Paulo Gustavo e Aldir Blanc, que t\u00eam viabilizado a inser\u00e7\u00e3o da cultura em v\u00e1rios pontos, com protagonismo dos artistas gon\u00e7alenses.<\/p>\n\n\n\n<p>O evento foi aberto com a mesa de debates \u201cArte Educa\u00e7\u00e3o: O papel do artista na constru\u00e7\u00e3o do imagin\u00e1rio perif\u00e9rico\u201d, mediada por Savio Ribeiro, com participa\u00e7\u00e3o do ator, diretor e escritor, Ivan de Oliveira, o historiador da arte e professor, Jo\u00e3o Ov\u00eddeo, o historiador e m\u00fasico Jefferson Medeiros.<\/p>\n\n\n\n<p>Neste debate foram compartilhadas as experi\u00eancias de conex\u00e3o entre aprendizado e arte, baseado na experi\u00eancia dos convidados e suas viv\u00eancias como artistas, fazedores de cultura e educadores locais, proporcionando novas vis\u00f5es de mundo e oportunidades aos moradores de comunidades de S\u00e3o Gon\u00e7alo.<\/p>\n\n\n\n<p>A tarde e noite tamb\u00e9m foram de espa\u00e7o para apresenta\u00e7\u00f5es e debates enriquecedores com pesquisadores e curadores para dialogar dentro desse territ\u00f3rio gon\u00e7alense, para cruzar di\u00e1logos sobre identidade territorial, din\u00e2micas perif\u00e9ricas, po\u00e9ticas art\u00edsticas, produ\u00e7\u00f5es suburbanas e rela\u00e7\u00f5es ficcionais.<\/p>\n\n\n\n<p><em>Fotos: Luiz Carvalho<\/em><\/p>\n\n\n\n<p><strong><em><sup>S\u00e3o Gon\u00e7alo Vai Mudar. O Maior Portal da Cidade.<\/sup><\/em><\/strong><\/p>\n\n\n\n<figure class=\"wp-block-image size-full\"><img decoding=\"async\" width=\"251\" height=\"88\" src=\"https:\/\/sgvaimudar.com.br\/wp-content\/uploads\/2023\/08\/Logo.png\" alt=\"\" class=\"wp-image-2738\" \/><\/figure>\n","protected":false},"excerpt":{"rendered":"<p>Confer\u00eancia de Artes Contempor\u00e2neas em S\u00e3o Gon\u00e7alo teve a sua primeira edi\u00e7\u00e3o&nbsp; O Teatro Municipal foi palco nesta quinta-feira (24)&hellip;<\/p>\n","protected":false},"author":5,"featured_media":14202,"comment_status":"open","ping_status":"open","sticky":false,"template":"","format":"standard","meta":{"fifu_image_url":"","fifu_image_alt":"","footnotes":""},"categories":[6],"tags":[],"class_list":["post-14200","post","type-post","status-publish","format-standard","has-post-thumbnail","hentry","category-entretenimento"],"_links":{"self":[{"href":"https:\/\/sgvaimudar.com.br\/index.php\/wp-json\/wp\/v2\/posts\/14200","targetHints":{"allow":["GET"]}}],"collection":[{"href":"https:\/\/sgvaimudar.com.br\/index.php\/wp-json\/wp\/v2\/posts"}],"about":[{"href":"https:\/\/sgvaimudar.com.br\/index.php\/wp-json\/wp\/v2\/types\/post"}],"author":[{"embeddable":true,"href":"https:\/\/sgvaimudar.com.br\/index.php\/wp-json\/wp\/v2\/users\/5"}],"replies":[{"embeddable":true,"href":"https:\/\/sgvaimudar.com.br\/index.php\/wp-json\/wp\/v2\/comments?post=14200"}],"version-history":[{"count":1,"href":"https:\/\/sgvaimudar.com.br\/index.php\/wp-json\/wp\/v2\/posts\/14200\/revisions"}],"predecessor-version":[{"id":14203,"href":"https:\/\/sgvaimudar.com.br\/index.php\/wp-json\/wp\/v2\/posts\/14200\/revisions\/14203"}],"wp:featuredmedia":[{"embeddable":true,"href":"https:\/\/sgvaimudar.com.br\/index.php\/wp-json\/wp\/v2\/media\/14202"}],"wp:attachment":[{"href":"https:\/\/sgvaimudar.com.br\/index.php\/wp-json\/wp\/v2\/media?parent=14200"}],"wp:term":[{"taxonomy":"category","embeddable":true,"href":"https:\/\/sgvaimudar.com.br\/index.php\/wp-json\/wp\/v2\/categories?post=14200"},{"taxonomy":"post_tag","embeddable":true,"href":"https:\/\/sgvaimudar.com.br\/index.php\/wp-json\/wp\/v2\/tags?post=14200"}],"curies":[{"name":"wp","href":"https:\/\/api.w.org\/{rel}","templated":true}]}}