{"id":14196,"date":"2024-10-26T15:00:00","date_gmt":"2024-10-26T18:00:00","guid":{"rendered":"https:\/\/sgvaimudar.com.br\/?p=14196"},"modified":"2024-10-26T09:33:34","modified_gmt":"2024-10-26T12:33:34","slug":"prefeito-capitao-nelson-determina-prontidao-para-as-chuvas-no-final-de-semana","status":"publish","type":"post","link":"https:\/\/sgvaimudar.com.br\/index.php\/2024\/10\/26\/prefeito-capitao-nelson-determina-prontidao-para-as-chuvas-no-final-de-semana\/","title":{"rendered":"Prefeito Capit\u00e3o Nelson determina prontid\u00e3o para as chuvas no final de semana"},"content":{"rendered":"\n<p><em>Equipes estar\u00e3o a postos para atender a ocorr\u00eancias<\/em><\/p>\n\n\n\n<p>A Prefeitura de S\u00e3o Gon\u00e7alo segue de prontid\u00e3o nesta sexta-feira (25) e tamb\u00e9m durante o fim de semana, dias 26 e 27, por determina\u00e7\u00e3o do prefeito Capit\u00e3o Nelson. A ordem do chefe do Executivo \u00e9 para atuar nas ruas atendendo a demandas da popula\u00e7\u00e3o que possam surgir em decorr\u00eancia das fortes chuvas que come\u00e7aram a atingir a regi\u00e3o nesta quinta-feira (24) e devem prosseguir at\u00e9 o in\u00edcio da pr\u00f3xima semana.<\/p>\n\n\n\n<figure class=\"wp-block-image size-large\"><img fetchpriority=\"high\" decoding=\"async\" width=\"1024\" height=\"768\" src=\"https:\/\/sgvaimudar.com.br\/wp-content\/uploads\/2024\/10\/unnamed-23-1-1024x768.jpg\" alt=\"\" class=\"wp-image-14197\" srcset=\"https:\/\/sgvaimudar.com.br\/wp-content\/uploads\/2024\/10\/unnamed-23-1-1024x768.jpg 1024w, https:\/\/sgvaimudar.com.br\/wp-content\/uploads\/2024\/10\/unnamed-23-1-300x225.jpg 300w, https:\/\/sgvaimudar.com.br\/wp-content\/uploads\/2024\/10\/unnamed-23-1-768x576.jpg 768w, https:\/\/sgvaimudar.com.br\/wp-content\/uploads\/2024\/10\/unnamed-23-1-1536x1152.jpg 1536w, https:\/\/sgvaimudar.com.br\/wp-content\/uploads\/2024\/10\/unnamed-23-1-2048x1536.jpg 2048w\" sizes=\"(max-width: 1024px) 100vw, 1024px\" \/><\/figure>\n\n\n\n<p>Segundo a Prefeitura, as equipes de v\u00e1rias secretarias j\u00e1 est\u00e3o de prontid\u00e3o para monitorar a cidade durante todo o final de semana, com plant\u00e3o refor\u00e7ado na Defesa Civil, secretarias de Conserva\u00e7\u00e3o, Desenvolvimento Urbano, Transportes e Assist\u00eancia Social, numa a\u00e7\u00e3o integrada para reduzir os poss\u00edveis impactos de chuvas e ventanias.<\/p>\n\n\n\n<p>&#8220;Desde a \u00faltima quinta-feira, o monitoramento na Central de Seguran\u00e7a de S\u00e3o Gon\u00e7alo (CSSG) tamb\u00e9m foi refor\u00e7ado, com equipes acompanhando em tempo real a situa\u00e7\u00e3o em toda a cidade, atrav\u00e9s das c\u00e2meras instaladas em pontos estrat\u00e9gicos&#8221;, disse o poder p\u00fablico na nota.<\/p>\n\n\n\n<p>O prefeito Capit\u00e3o Nelson acompanhou o trabalho tanto na Central quanto nas ruas, na noite de quinta-feira, e na manh\u00e3 desta sexta-feira, quando conferiu a retirada de galhos de \u00e1rvores das ruas.<\/p>\n\n\n\n<p>&#8220;O monitoramento vai continuar sendo realizado 24 horas por dia, a fim de que possamos agir em tempo real no aux\u00edlio aos gon\u00e7alenses, caso necess\u00e1rio. Pudemos constatar que, na noite de quinta-feira, a cidade n\u00e3o registrou alagamentos nos pontos onde j\u00e1 realizamos obras de macrodrenagem e drenagem, com a \u00e1gua das chuvas escoando rapidamente. Seguiremos trabalhando para ampliar estas interven\u00e7\u00f5es em todo o munic\u00edpio&#8221;, afirmou o prefeito.\u00a0<\/p>\n\n\n\n<p><strong><em><sup>S\u00e3o Gon\u00e7alo Vai Mudar. O Maior Portal da Cidade.<\/sup><\/em><\/strong><\/p>\n\n\n\n<figure class=\"wp-block-image size-full\"><img decoding=\"async\" width=\"250\" height=\"87\" src=\"https:\/\/sgvaimudar.com.br\/wp-content\/uploads\/2023\/08\/cropped-Logo.png\" alt=\"\" class=\"wp-image-2739\" \/><\/figure>\n\n\n\n<p> <\/p>\n","protected":false},"excerpt":{"rendered":"<p>Equipes estar\u00e3o a postos para atender a ocorr\u00eancias A Prefeitura de S\u00e3o Gon\u00e7alo segue de prontid\u00e3o nesta sexta-feira (25) e&hellip;<\/p>\n","protected":false},"author":5,"featured_media":14198,"comment_status":"open","ping_status":"open","sticky":false,"template":"","format":"standard","meta":{"fifu_image_url":"","fifu_image_alt":"","footnotes":""},"categories":[3],"tags":[],"class_list":["post-14196","post","type-post","status-publish","format-standard","has-post-thumbnail","hentry","category-sao-goncalo"],"_links":{"self":[{"href":"https:\/\/sgvaimudar.com.br\/index.php\/wp-json\/wp\/v2\/posts\/14196","targetHints":{"allow":["GET"]}}],"collection":[{"href":"https:\/\/sgvaimudar.com.br\/index.php\/wp-json\/wp\/v2\/posts"}],"about":[{"href":"https:\/\/sgvaimudar.com.br\/index.php\/wp-json\/wp\/v2\/types\/post"}],"author":[{"embeddable":true,"href":"https:\/\/sgvaimudar.com.br\/index.php\/wp-json\/wp\/v2\/users\/5"}],"replies":[{"embeddable":true,"href":"https:\/\/sgvaimudar.com.br\/index.php\/wp-json\/wp\/v2\/comments?post=14196"}],"version-history":[{"count":1,"href":"https:\/\/sgvaimudar.com.br\/index.php\/wp-json\/wp\/v2\/posts\/14196\/revisions"}],"predecessor-version":[{"id":14199,"href":"https:\/\/sgvaimudar.com.br\/index.php\/wp-json\/wp\/v2\/posts\/14196\/revisions\/14199"}],"wp:featuredmedia":[{"embeddable":true,"href":"https:\/\/sgvaimudar.com.br\/index.php\/wp-json\/wp\/v2\/media\/14198"}],"wp:attachment":[{"href":"https:\/\/sgvaimudar.com.br\/index.php\/wp-json\/wp\/v2\/media?parent=14196"}],"wp:term":[{"taxonomy":"category","embeddable":true,"href":"https:\/\/sgvaimudar.com.br\/index.php\/wp-json\/wp\/v2\/categories?post=14196"},{"taxonomy":"post_tag","embeddable":true,"href":"https:\/\/sgvaimudar.com.br\/index.php\/wp-json\/wp\/v2\/tags?post=14196"}],"curies":[{"name":"wp","href":"https:\/\/api.w.org\/{rel}","templated":true}]}}