{"id":14189,"date":"2024-10-26T13:00:00","date_gmt":"2024-10-26T16:00:00","guid":{"rendered":"https:\/\/sgvaimudar.com.br\/?p=14189"},"modified":"2024-10-26T09:21:44","modified_gmt":"2024-10-26T12:21:44","slug":"novas-regras-para-autorizacao-de-eventos-em-sao-goncalo","status":"publish","type":"post","link":"https:\/\/sgvaimudar.com.br\/index.php\/2024\/10\/26\/novas-regras-para-autorizacao-de-eventos-em-sao-goncalo\/","title":{"rendered":"Prefeitura publica novas regras para autoriza\u00e7\u00e3o de eventos em S\u00e3o Gon\u00e7alo"},"content":{"rendered":"\n<p><em>Diretrizes visam garantir maior seguran\u00e7a para organizadores e participantes<\/em><\/p>\n\n\n\n<p>A Prefeitura de S\u00e3o Gon\u00e7alo estabeleceu novas regras para a autoriza\u00e7\u00e3o de eventos em locais privados. A medida, que visa simplificar os procedimentos e garantir mais seguran\u00e7a, foi publicada no Di\u00e1rio Oficial da \u00faltima segunda-feira (21). A autoriza\u00e7\u00e3o se dar\u00e1 por Alvar\u00e1 Eventual, cujo pedido dever\u00e1 ser protocolado com anteced\u00eancia m\u00ednima de 30 dias.<\/p>\n\n\n\n<p>Ap\u00f3s o protocolo, a Coordenadoria de Alvar\u00e1 ter\u00e1 um prazo de cinco dias \u00fateis para encaminhar a solicita\u00e7\u00e3o aos \u00f3rg\u00e3os competentes para an\u00e1lise. Um ponto crucial \u00e9 que a autoriza\u00e7\u00e3o do Corpo de Bombeiros deve ser apresentada dois dias \u00fateis antes da data do evento.<\/p>\n\n\n\n<p>A Subsecretaria de Fiscaliza\u00e7\u00e3o de Posturas ficar\u00e1 respons\u00e1vel pela vistoria pr\u00e9via, que dever\u00e1 ocorrer em at\u00e9 48 horas antes do evento. Essa inspe\u00e7\u00e3o \u00e9 fundamental para garantir que as exig\u00eancias sejam cumpridas e a seguran\u00e7a dos participantes esteja assegurada. O n\u00e3o cumprimento dos prazos ou a falta de documenta\u00e7\u00e3o necess\u00e1ria resultar\u00e1 no indeferimento do pedido.<\/p>\n\n\n\n<p>Importante destacar que eventos realizados em estabelecimentos que j\u00e1 possuem licen\u00e7a para as atividades a serem exercidas, casamentos em \u00e1reas particulares e festas n\u00e3o comerciais em resid\u00eancias est\u00e3o isentos das novas regras.<\/p>\n\n\n\n<p>Com a implementa\u00e7\u00e3o dessas novas diretrizes, a Prefeitura de S\u00e3o Gon\u00e7alo espera melhorar a efici\u00eancia na gest\u00e3o de eventos, promovendo uma experi\u00eancia mais fluida tanto para organizadores quanto para os \u00f3rg\u00e3os p\u00fablicos. A nova regulamenta\u00e7\u00e3o j\u00e1 est\u00e1 em vigor.<\/p>\n\n\n\n<p><strong>Documentos para solicitar alvar\u00e1 eventual:<\/strong><\/p>\n\n\n\n<p>&#8211; C\u00f3pia do documento de identidade, CPF, e-mail v\u00e1lido e comprovante de resid\u00eancia (quando o requerente for pessoa f\u00edsica);&nbsp;<\/p>\n\n\n\n<p>&#8211; C\u00f3pia do Contrato Social e cart\u00e3o de CNPJ (quando o requerente for pessoa jur\u00eddica);<\/p>\n\n\n\n<p>&#8211; C\u00f3pia do documento de identidade, CPF, e-mail v\u00e1lido e comprovante de resid\u00eancia dos s\u00f3cios da empresa (quando o requerente for pessoa jur\u00eddica);<\/p>\n\n\n\n<p>&#8211; C\u00f3pia do Alvar\u00e1 de Localiza\u00e7\u00e3o e Funcionamento, quando for o caso;&nbsp;<\/p>\n\n\n\n<p>&#8211; Declara\u00e7\u00e3o de Enquadramento de Porte;&nbsp;<\/p>\n\n\n\n<p>&#8211; Anota\u00e7\u00e3o de Responsabilidade T\u00e9cnica assinada por profissional competente, acompanhada da identidade profissional e comprovante de resid\u00eancia do mesmo;<\/p>\n\n\n\n<p>&#8211; C\u00f3pia do Contrato de Loca\u00e7\u00e3o com firma reconhecida do locador e locat\u00e1rio;<\/p>\n\n\n\n<p>&#8211; Autoriza\u00e7\u00e3o ou Protocolo do CBMERJ para realiza\u00e7\u00e3o do evento;&nbsp;<\/p>\n\n\n\n<p>&#8211; Procura\u00e7\u00e3o, quando for o caso;<\/p>\n\n\n\n<p>&#8211; Nada a opor da Delegacia de Pol\u00edcia da \u00e1rea onde ser\u00e1 realizado o evento;<\/p>\n\n\n\n<p>&#8211; Nada a opor da Pol\u00edcia Militar do Estado do Rio de Janeiro (7\u00ba PMERJ).<\/p>\n\n\n\n<p>O pedido de autoriza\u00e7\u00e3o para realiza\u00e7\u00e3o de evento em locais privados fora do prazo previsto ser\u00e1 indeferido pela Coordenadoria de Alvar\u00e1. Para mais informa\u00e7\u00f5es, os interessados podem entrar em contato com a Coordenadoria de Alvar\u00e1 ou acessar o Di\u00e1rio Oficial:&nbsp;<a rel=\"noreferrer noopener\" href=\"https:\/\/click.cse360.com.br\/Click\/AddCampaignEmailClick\/fa1ab11b-63d3-4776-6d06-08dce85430f8\/https%253a%252f%252fdo.pmsg.rj.gov.br%252fdiario%252f2024_10_21.pd\/ab15f8fa-85b2-46af-ac93-a83d37a01593\/gutoaguia@gmail.com\/False\" target=\"_blank\"><u>https:\/\/do.pmsg.rj.gov.br\/diario\/2024_10_21.pd<\/u><\/a>.<\/p>\n\n\n\n<p><em>Fotos: Julio Diniz<\/em><\/p>\n\n\n\n<p><strong><em><sup>S\u00e3o Gon\u00e7alo Vai Mudar. O Maior Portal da Cidade.<\/sup><\/em><\/strong><\/p>\n\n\n\n<figure class=\"wp-block-image size-full\"><img decoding=\"async\" width=\"251\" height=\"88\" src=\"https:\/\/sgvaimudar.com.br\/wp-content\/uploads\/2023\/08\/Logo.png\" alt=\"\" class=\"wp-image-2738\" \/><\/figure>\n\n\n\n<p><\/p>\n","protected":false},"excerpt":{"rendered":"<p>Diretrizes visam garantir maior seguran\u00e7a para organizadores e participantes A Prefeitura de S\u00e3o Gon\u00e7alo estabeleceu novas regras para a autoriza\u00e7\u00e3o&hellip;<\/p>\n","protected":false},"author":5,"featured_media":9777,"comment_status":"open","ping_status":"open","sticky":false,"template":"","format":"standard","meta":{"fifu_image_url":"","fifu_image_alt":"","footnotes":""},"categories":[3],"tags":[],"class_list":["post-14189","post","type-post","status-publish","format-standard","has-post-thumbnail","hentry","category-sao-goncalo"],"_links":{"self":[{"href":"https:\/\/sgvaimudar.com.br\/index.php\/wp-json\/wp\/v2\/posts\/14189","targetHints":{"allow":["GET"]}}],"collection":[{"href":"https:\/\/sgvaimudar.com.br\/index.php\/wp-json\/wp\/v2\/posts"}],"about":[{"href":"https:\/\/sgvaimudar.com.br\/index.php\/wp-json\/wp\/v2\/types\/post"}],"author":[{"embeddable":true,"href":"https:\/\/sgvaimudar.com.br\/index.php\/wp-json\/wp\/v2\/users\/5"}],"replies":[{"embeddable":true,"href":"https:\/\/sgvaimudar.com.br\/index.php\/wp-json\/wp\/v2\/comments?post=14189"}],"version-history":[{"count":2,"href":"https:\/\/sgvaimudar.com.br\/index.php\/wp-json\/wp\/v2\/posts\/14189\/revisions"}],"predecessor-version":[{"id":14191,"href":"https:\/\/sgvaimudar.com.br\/index.php\/wp-json\/wp\/v2\/posts\/14189\/revisions\/14191"}],"wp:featuredmedia":[{"embeddable":true,"href":"https:\/\/sgvaimudar.com.br\/index.php\/wp-json\/wp\/v2\/media\/9777"}],"wp:attachment":[{"href":"https:\/\/sgvaimudar.com.br\/index.php\/wp-json\/wp\/v2\/media?parent=14189"}],"wp:term":[{"taxonomy":"category","embeddable":true,"href":"https:\/\/sgvaimudar.com.br\/index.php\/wp-json\/wp\/v2\/categories?post=14189"},{"taxonomy":"post_tag","embeddable":true,"href":"https:\/\/sgvaimudar.com.br\/index.php\/wp-json\/wp\/v2\/tags?post=14189"}],"curies":[{"name":"wp","href":"https:\/\/api.w.org\/{rel}","templated":true}]}}