{"id":14156,"date":"2024-10-26T07:50:33","date_gmt":"2024-10-26T10:50:33","guid":{"rendered":"https:\/\/sgvaimudar.com.br\/?p=14156"},"modified":"2024-10-26T07:50:34","modified_gmt":"2024-10-26T10:50:34","slug":"brasil-enfrenta-colombia-no-inicio-da-preparacao-para-copa-de-2027","status":"publish","type":"post","link":"https:\/\/sgvaimudar.com.br\/index.php\/2024\/10\/26\/brasil-enfrenta-colombia-no-inicio-da-preparacao-para-copa-de-2027\/","title":{"rendered":"Brasil enfrenta Col\u00f4mbia no in\u00edcio da prepara\u00e7\u00e3o para Copa de 2027"},"content":{"rendered":"\n<p>O amistoso \u00e9 a partir das 18h30 deste s\u00e1bado 26<\/p>\n\n\n\n<p>A sele\u00e7\u00e3o brasileira de futebol feminino d\u00e1 neste s\u00e1bado (26) o primeiro passo no ciclo de prepara\u00e7\u00e3o para a Copa do Mundo de 2027, que ser\u00e1 disputada no Brasil. A equipe comandada pelo t\u00e9cnico Arthur Elias enfrenta a Col\u00f4mbia, em partida amistosa, a partir das 18h30 (hor\u00e1rio de Bras\u00edlia) no est\u00e1dio Kleber Andrade, em Cariacica (Esp\u00edrito Santo). <\/p>\n\n\n\n<figure class=\"wp-block-embed is-type-rich is-provider-twitter wp-block-embed-twitter\"><div class=\"wp-block-embed__wrapper\">\n<blockquote class=\"twitter-tweet\" data-width=\"550\" data-dnt=\"true\"><p lang=\"pt\" dir=\"ltr\">EXCLUSIVO NA TV ABERTA! <br><br>\ud83d\udea8 ALERTA DE JOGA\u00c7O! \ud83d\udea8 A Sele\u00e7\u00e3o Feminina de Futebol entra em campo neste s\u00e1bado (26\/10)!<br><br>Tem Amistoso Brasil \ud83c\udde7\ud83c\uddf7 \ud83c\udd9a \ud83c\udde8\ud83c\uddf4 Col\u00f4mbia, e a bola vai rolar \u00e0s 18h30, na TV Brasil!<br><br> <a href=\"https:\/\/twitter.com\/hashtag\/Sele%C3%A7%C3%A3oFemininaNaTVBrasil?src=hash&amp;ref_src=twsrc%5Etfw\">#Sele\u00e7\u00e3oFemininaNaTVBrasil<\/a> <a href=\"https:\/\/t.co\/AoVbS47wT1\">pic.twitter.com\/AoVbS47wT1<\/a><\/p>&mdash; TV Brasil (@TVBrasil) <a href=\"https:\/\/twitter.com\/TVBrasil\/status\/1849871062210838695?ref_src=twsrc%5Etfw\">October 25, 2024<\/a><\/blockquote><script async src=\"https:\/\/platform.twitter.com\/widgets.js\" charset=\"utf-8\"><\/script>\n<\/div><\/figure>\n\n\n\n<p>Para iniciar esta caminhada de prepara\u00e7\u00e3o para o Mundial de 2027 o Brasil enfrenta um dos advers\u00e1rios mais fortes do futebol de sele\u00e7\u00f5es da Am\u00e9rica do Sul, a Col\u00f4mbia, que perdeu a final da \u00faltima edi\u00e7\u00e3o da Copa Am\u00e9rica justamente para a sele\u00e7\u00e3o brasileira. As colombianas tamb\u00e9m mostraram a sua qualidade na \u00faltima edi\u00e7\u00e3o dos Jogos Ol\u00edmpicos, disputados em Paris (Fran\u00e7a), competi\u00e7\u00e3o na qual pararam nas quartas de final, diante das atuais campe\u00e3s mundiais da Espanha. J\u00e1 o time de Arthur Elias ficou com a prata.<\/p>\n\n\n\n<figure class=\"wp-block-embed is-type-rich is-provider-twitter wp-block-embed-twitter\"><div class=\"wp-block-embed__wrapper\">\n<blockquote class=\"twitter-tweet\" data-width=\"550\" data-dnt=\"true\"><p lang=\"pt\" dir=\"ltr\">QUE ELENCO! Nossas craques passando para avisar que amanh\u00e3 \u00e9 dia de <a href=\"https:\/\/twitter.com\/hashtag\/Sele%C3%A7%C3%A3oFeminina?src=hash&amp;ref_src=twsrc%5Etfw\">#Sele\u00e7\u00e3oFeminina<\/a> em campo no Est\u00e1dio Kleber Andrade! Te esperamos l\u00e1! \ud83d\ude09\ud83c\udde7\ud83c\uddf7 <br><br>\ud83c\udf9f\ufe0f Ingressos dispon\u00edveis: <a href=\"https:\/\/t.co\/j0KcEFoYLO\">https:\/\/t.co\/j0KcEFoYLO<\/a> <br><br>\ud83d\udcf8 L\u00edvia Villas Boas \/ CBF <a href=\"https:\/\/t.co\/b6OcyLM4sy\">pic.twitter.com\/b6OcyLM4sy<\/a><\/p>&mdash; Sele\u00e7\u00e3o Feminina de Futebol (@SelecaoFeminina) <a href=\"https:\/\/twitter.com\/SelecaoFeminina\/status\/1849870459011289538?ref_src=twsrc%5Etfw\">October 25, 2024<\/a><\/blockquote><script async src=\"https:\/\/platform.twitter.com\/widgets.js\" charset=\"utf-8\"><\/script>\n<\/div><\/figure>\n\n\n\n<p>\u201cOs jogos contra a Col\u00f4mbia s\u00e3o sempre muito duros, pois \u00e9 o nosso maior rival sul-americano. \u00c9 uma sele\u00e7\u00e3o muito capacitada. Mas estamos nos preparando da melhor forma para enfrent\u00e1-las bem e conseguir cumprir nosso plano de jogo para venc\u00ea-las\u201d, declarou a zagueira Lauren.<\/p>\n\n\n\n<p>Para os jogos contra a Col\u00f4mbia o t\u00e9cnico Arthur Elias convocou o total de 26 atletas, das quais 12 participaram dos Jogos Ol\u00edmpicos de Paris. Com isso ele deu a oportunidade para 14 jogadoras que ainda n\u00e3o tinham sido lembradas por ele em listas anteriores, o que indica que a sele\u00e7\u00e3o est\u00e1 aberta para novos valores.<\/p>\n\n\n\n<p><strong><em><sup>S\u00e3o Gon\u00e7alo Vai Mudar. O Maior Portal da Cidade.<\/sup><\/em><\/strong><\/p>\n\n\n\n<figure class=\"wp-block-image size-full is-resized\"><img decoding=\"async\" width=\"251\" height=\"88\" src=\"https:\/\/sgvaimudar.com.br\/wp-content\/uploads\/2023\/08\/Logo.png\" alt=\"\" class=\"wp-image-2738\" style=\"aspect-ratio:2.852272727272727;width:693px;height:auto\" \/><\/figure>\n\n\n\n<p> <\/p>\n\n\n\n<figure class=\"wp-block-image\"><img decoding=\"async\" src=\"https:\/\/agenciabrasil.ebc.com.br\/ebc.png?id=1617047&amp;o=node\" alt=\"\" \/><\/figure>\n\n\n\n<figure class=\"wp-block-image\"><img decoding=\"async\" src=\"https:\/\/agenciabrasil.ebc.com.br\/ebc.gif?id=1617047&amp;o=node\" alt=\"\" \/><\/figure>\n","protected":false},"excerpt":{"rendered":"<p>O amistoso \u00e9 a partir das 18h30 deste s\u00e1bado 26 A sele\u00e7\u00e3o brasileira de futebol feminino d\u00e1 neste s\u00e1bado (26)&hellip;<\/p>\n","protected":false},"author":5,"featured_media":14157,"comment_status":"open","ping_status":"open","sticky":false,"template":"","format":"standard","meta":{"fifu_image_url":"","fifu_image_alt":"","footnotes":""},"categories":[5],"tags":[],"class_list":["post-14156","post","type-post","status-publish","format-standard","has-post-thumbnail","hentry","category-esportes"],"_links":{"self":[{"href":"https:\/\/sgvaimudar.com.br\/index.php\/wp-json\/wp\/v2\/posts\/14156","targetHints":{"allow":["GET"]}}],"collection":[{"href":"https:\/\/sgvaimudar.com.br\/index.php\/wp-json\/wp\/v2\/posts"}],"about":[{"href":"https:\/\/sgvaimudar.com.br\/index.php\/wp-json\/wp\/v2\/types\/post"}],"author":[{"embeddable":true,"href":"https:\/\/sgvaimudar.com.br\/index.php\/wp-json\/wp\/v2\/users\/5"}],"replies":[{"embeddable":true,"href":"https:\/\/sgvaimudar.com.br\/index.php\/wp-json\/wp\/v2\/comments?post=14156"}],"version-history":[{"count":1,"href":"https:\/\/sgvaimudar.com.br\/index.php\/wp-json\/wp\/v2\/posts\/14156\/revisions"}],"predecessor-version":[{"id":14158,"href":"https:\/\/sgvaimudar.com.br\/index.php\/wp-json\/wp\/v2\/posts\/14156\/revisions\/14158"}],"wp:featuredmedia":[{"embeddable":true,"href":"https:\/\/sgvaimudar.com.br\/index.php\/wp-json\/wp\/v2\/media\/14157"}],"wp:attachment":[{"href":"https:\/\/sgvaimudar.com.br\/index.php\/wp-json\/wp\/v2\/media?parent=14156"}],"wp:term":[{"taxonomy":"category","embeddable":true,"href":"https:\/\/sgvaimudar.com.br\/index.php\/wp-json\/wp\/v2\/categories?post=14156"},{"taxonomy":"post_tag","embeddable":true,"href":"https:\/\/sgvaimudar.com.br\/index.php\/wp-json\/wp\/v2\/tags?post=14156"}],"curies":[{"name":"wp","href":"https:\/\/api.w.org\/{rel}","templated":true}]}}