{"id":14150,"date":"2024-10-25T16:00:00","date_gmt":"2024-10-25T19:00:00","guid":{"rendered":"https:\/\/sgvaimudar.com.br\/?p=14150"},"modified":"2024-10-25T11:06:02","modified_gmt":"2024-10-25T14:06:02","slug":"policia-da-espanha-prende-quatro-pessoas-por-incitarem-insultos-racistas-a-vinicius-jr-antes-de-atletico-x-real-madrid","status":"publish","type":"post","link":"https:\/\/sgvaimudar.com.br\/index.php\/2024\/10\/25\/policia-da-espanha-prende-quatro-pessoas-por-incitarem-insultos-racistas-a-vinicius-jr-antes-de-atletico-x-real-madrid\/","title":{"rendered":"Pol\u00edcia da Espanha prende quatro pessoas por incitarem insultos racistas a Vinicius Jr. antes de Atl\u00e9tico x Real Madrid"},"content":{"rendered":"\n<p>A pol\u00edcia espanhola prendeu quatro pessoas respons\u00e1veis por incitarem uma campanha de \u00f3dio contra\u00a0Vinicius Jr., atacante do Real Madrid, antes do cl\u00e1ssico do time merengue contra o Atl\u00e9tico de Madrid, realizado no dia 29 de setembro, por Laliga, no Wanda Metropolitano. A partida terminou empatada em 1 a 1.<\/p>\n\n\n\n<p>A pol\u00edcia informou que os presos \u201c<em>incitaram torcedores por meio das redes sociais a irem at\u00e9 o est\u00e1dio [do Metropolitano] para proferir insultos com conota\u00e7\u00f5es racistas<\/em>\u201d ao brasileiro. A investiga\u00e7\u00e3o nasceu ap\u00f3s Laliga apresentar tr\u00eas queixas antes do cl\u00e1ssico.<\/p>\n\n\n\n<p>Na \u00e9poca, alguns torcedores publicaram v\u00eddeos nas redes sociais dizendo que iriam ao est\u00e1dio utilizando m\u00e1scaras, o que lhes permitira cometer atos racistas contra Vinicius Jr e n\u00e3o serem identificados pelas c\u00e2meras. O brasileiro tem sido o principal alvo de crimes desta conota\u00e7\u00e3o no futebol espanhol.<\/p>\n\n\n\n<p>Em 2023, quatro torcedores do Atl\u00e9tico de Madrid foram indiciados ap\u00f3s\u00a0pendurarem um boneco com a camisa do atacante em uma ponte pr\u00f3xima ao CT do Real, em Valdebebas.<\/p>\n\n\n\n<p>Em junho de 2024, outros tr\u00eas torcedores, desta vez, do Valencia, foram sentenciados a oito meses de pris\u00e3o por insultarem racialmente Vinicius Jr. em partida realizada em maio de 2023, por Laliga.<\/p>\n\n\n\n<p>Al\u00e9m disso, em setembro deste ano, um torcedor do Mallorca foi condenado a um ano de pris\u00e3o por proferir insultos racistas contra o brasileiro e tamb\u00e9m a\u00a0Samuel Chukwueze, do Villarreal, em fevereiro de 2023.<\/p>\n\n\n\n<h2 class=\"wp-block-heading\">Pr\u00f3ximos jogos do Real Madrid:<\/h2>\n\n\n\n<ul class=\"wp-block-list\">\n<li>Barcelona (C) &#8211; 26\/10, 16h (de Bras\u00edlia) &#8211; Laliga; <\/li>\n\n\n\n<li>Valencia (F) &#8211; 02\/11, 17h (de Bras\u00edlia) &#8211;\u00a0Laliga<\/li>\n\n\n\n<li>Milan\u00a0(C) &#8211; 05\/11, 17h (de Bras\u00edlia).<\/li>\n<\/ul>\n\n\n\n<p><strong><em><sup>S\u00e3o Gon\u00e7alo Vai Mudar. O Maior Portal da Cidade.<\/sup><\/em><\/strong><\/p>\n\n\n\n<figure class=\"wp-block-image size-full\"><img decoding=\"async\" width=\"251\" height=\"88\" src=\"https:\/\/sgvaimudar.com.br\/wp-content\/uploads\/2023\/08\/Logo.png\" alt=\"\" class=\"wp-image-2738\" \/><\/figure>\n","protected":false},"excerpt":{"rendered":"<p>A pol\u00edcia espanhola prendeu quatro pessoas respons\u00e1veis por incitarem uma campanha de \u00f3dio contra\u00a0Vinicius Jr., atacante do Real Madrid, antes&hellip;<\/p>\n","protected":false},"author":5,"featured_media":9201,"comment_status":"open","ping_status":"open","sticky":false,"template":"","format":"standard","meta":{"fifu_image_url":"","fifu_image_alt":"","footnotes":""},"categories":[5,1],"tags":[],"class_list":["post-14150","post","type-post","status-publish","format-standard","has-post-thumbnail","hentry","category-esportes","category-mundo"],"_links":{"self":[{"href":"https:\/\/sgvaimudar.com.br\/index.php\/wp-json\/wp\/v2\/posts\/14150","targetHints":{"allow":["GET"]}}],"collection":[{"href":"https:\/\/sgvaimudar.com.br\/index.php\/wp-json\/wp\/v2\/posts"}],"about":[{"href":"https:\/\/sgvaimudar.com.br\/index.php\/wp-json\/wp\/v2\/types\/post"}],"author":[{"embeddable":true,"href":"https:\/\/sgvaimudar.com.br\/index.php\/wp-json\/wp\/v2\/users\/5"}],"replies":[{"embeddable":true,"href":"https:\/\/sgvaimudar.com.br\/index.php\/wp-json\/wp\/v2\/comments?post=14150"}],"version-history":[{"count":1,"href":"https:\/\/sgvaimudar.com.br\/index.php\/wp-json\/wp\/v2\/posts\/14150\/revisions"}],"predecessor-version":[{"id":14151,"href":"https:\/\/sgvaimudar.com.br\/index.php\/wp-json\/wp\/v2\/posts\/14150\/revisions\/14151"}],"wp:featuredmedia":[{"embeddable":true,"href":"https:\/\/sgvaimudar.com.br\/index.php\/wp-json\/wp\/v2\/media\/9201"}],"wp:attachment":[{"href":"https:\/\/sgvaimudar.com.br\/index.php\/wp-json\/wp\/v2\/media?parent=14150"}],"wp:term":[{"taxonomy":"category","embeddable":true,"href":"https:\/\/sgvaimudar.com.br\/index.php\/wp-json\/wp\/v2\/categories?post=14150"},{"taxonomy":"post_tag","embeddable":true,"href":"https:\/\/sgvaimudar.com.br\/index.php\/wp-json\/wp\/v2\/tags?post=14150"}],"curies":[{"name":"wp","href":"https:\/\/api.w.org\/{rel}","templated":true}]}}