{"id":14147,"date":"2024-10-25T21:00:00","date_gmt":"2024-10-26T00:00:00","guid":{"rendered":"https:\/\/sgvaimudar.com.br\/?p=14147"},"modified":"2024-10-25T10:55:13","modified_gmt":"2024-10-25T13:55:13","slug":"eleitoresas-de-niteroi-voltam-as-urnas-neste-domingo-27","status":"publish","type":"post","link":"https:\/\/sgvaimudar.com.br\/index.php\/2024\/10\/25\/eleitoresas-de-niteroi-voltam-as-urnas-neste-domingo-27\/","title":{"rendered":"Eleitores(as) de Niter\u00f3i voltam \u00e0s urnas neste domingo (27)"},"content":{"rendered":"\n<p><em>Confira as orienta\u00e7\u00f5es da Justi\u00e7a Eleitoral para uma vota\u00e7\u00e3o tranquila<\/em><\/p>\n\n\n\n<p>Neste domingo (27), 410.032 eleitores(as) de Niter\u00f3i v\u00e3o \u00e0s urnas para eleger os novos prefeitos, em segundo turno. As elei\u00e7\u00f5es acontecem das 8h \u00e0s 17h, nos mesmos locais de vota\u00e7\u00e3o que funcionaram no primeiro turno.<\/p>\n\n\n\n<p>Os(as) eleitores(as) de Niter\u00f3i que n\u00e3o votaram no primeiro turno e est\u00e3o com o t\u00edtulo de eleitor regular devem votar obrigatoriamente. A Justi\u00e7a Eleitoral recomenda que essas pessoas consultem no site do TRE-RJ a lista com todos os locais de vota\u00e7\u00e3o nessas cidades, para verificar se houve alguma altera\u00e7\u00e3o em rela\u00e7\u00e3o ao \u00faltimo pleito de 2022.<\/p>\n\n\n\n<p>No segundo turno, o(a) eleitor(a) vota apenas para o cargo de prefeito(a), mas para n\u00e3o errar o n\u00famero da(o) candidata(o), a Justi\u00e7a Eleitoral recomenda que todos levem uma \u201ccolinha\u201d com o n\u00famero do candidato em quem pretende votar. A \u201ccolinha\u201d deve ser levada em papel, porque o uso de aparelhos eletr\u00f4nicos na cabina de vota\u00e7\u00e3o \u00e9 proibido por lei.&nbsp;<\/p>\n\n\n\n<p><strong>Documento necess\u00e1rio<\/strong><\/p>\n\n\n\n<p>No dia da elei\u00e7\u00e3o, \u00e9 necess\u00e1rio que o eleitor ou eleitora apresente um documento oficial com foto, como carteira de identidade, passaporte, carteira de habilita\u00e7\u00e3o ou e-T\u00edtulo (desde que tenha foto). Mesmo aqueles que ser\u00e3o identificados por biometria devem levar um documento com foto.<\/p>\n\n\n\n<p>Embora o t\u00edtulo de eleitor n\u00e3o seja obrigat\u00f3rio, ele facilita a localiza\u00e7\u00e3o da se\u00e7\u00e3o eleitoral. Quem preferir pode baixar o e-T\u00edtulo, dispon\u00edvel no &#8220;Google Play&#8221; e na &#8220;App Store&#8221;, para obter a vers\u00e3o digital do documento. A emiss\u00e3o do e-T\u00edtulo estar\u00e1 dispon\u00edvel apenas at\u00e9 a v\u00e9spera da elei\u00e7\u00e3o, dia 26 de outubro.<\/p>\n\n\n\n<p><strong>Transporte coletivo e gratuito<\/strong><\/p>\n\n\n\n<p>Assim como aconteceu no primeiro turno, a suspens\u00e3o das tarifas para os servi\u00e7os de transporte coletivo tamb\u00e9m valer\u00e1 para o dia 27 de outubro, data do segundo turno. A isen\u00e7\u00e3o inclui \u00f4nibus comuns, servi\u00e7os municipais, intermunicipais e barcas. Os itiner\u00e1rios est\u00e3o dispon\u00edveis no site do TRE-RJ.<\/p>\n\n\n\n<p><strong>Propaganda proibida<\/strong><\/p>\n\n\n\n<p>No dia da elei\u00e7\u00e3o, \u00e9 permitida apenas a manifesta\u00e7\u00e3o individual e silenciosa do eleitor, utilizando adesivos, bandeiras, broches ou d\u00edsticos. Aglomera\u00e7\u00f5es com material de propaganda, uso de alto-falantes, com\u00edcios, carreatas, transporte de eleitores, boca de urna e qualquer tipo de propaganda, como panfletos ou cartazes, s\u00e3o proibidos.<\/p>\n\n\n\n<p><strong>Justificativa<\/strong><\/p>\n\n\n\n<p>Eleitores que estiverem fora de seu domic\u00edlio eleitoral no dia da vota\u00e7\u00e3o podem justificar a aus\u00eancia pelo aplicativo e-T\u00edtulo. No domingo (27), das 8h \u00e0s 17h, tamb\u00e9m ser\u00e1 poss\u00edvel justificar a aus\u00eancia presencialmente, em Mesa Receptora de Justificativa, que funcionar\u00e3o nas cidades com mais de cem mil eleitores, como a Capital, Duque de Caxias, Nova Igua\u00e7u, Campos dos Goytacazes, Volta Redonda, Angra dos Reis, Rio das Ostras e Maric\u00e1, entre outras.\u00a0<\/p>\n\n\n\n<p>Se n\u00e3o justificarem no dia, t\u00eam at\u00e9 60 dias ap\u00f3s cada turno para faz\u00ea-lo sem multa. A justificativa pode ser feita pelo sistema Justifica nos sites do TRE-RJ e TSE, ou pelo e-T\u00edtulo ap\u00f3s o pleito. Ap\u00f3s o encerramento da vota\u00e7\u00e3o, a apura\u00e7\u00e3o e resultado das elei\u00e7\u00f5es poder\u00e3o ser acompanhados em\u00a0<a rel=\"noreferrer noopener\" href=\"https:\/\/resultados.tse.jus.br\/oficial\/app\/index.html#\/eleicao\/resultados\" target=\"_blank\">https:\/\/resultados.tse.jus.br\/oficial\/app\/index.html#\/eleicao\/resultados<\/a>.<\/p>\n\n\n\n<p><strong><em><sup>S\u00e3o Gon\u00e7alo Vai Mudar. O Maior Portal da Cidade.<\/sup><\/em><\/strong><\/p>\n\n\n\n<figure class=\"wp-block-image size-full\"><img decoding=\"async\" width=\"251\" height=\"88\" src=\"https:\/\/sgvaimudar.com.br\/wp-content\/uploads\/2023\/08\/Logo.png\" alt=\"\" class=\"wp-image-2738\" \/><\/figure>\n","protected":false},"excerpt":{"rendered":"<p>Confira as orienta\u00e7\u00f5es da Justi\u00e7a Eleitoral para uma vota\u00e7\u00e3o tranquila Neste domingo (27), 410.032 eleitores(as) de Niter\u00f3i v\u00e3o \u00e0s urnas&hellip;<\/p>\n","protected":false},"author":5,"featured_media":14148,"comment_status":"open","ping_status":"open","sticky":false,"template":"","format":"standard","meta":{"fifu_image_url":"","fifu_image_alt":"","footnotes":""},"categories":[34],"tags":[],"class_list":["post-14147","post","type-post","status-publish","format-standard","has-post-thumbnail","hentry","category-niteroi"],"_links":{"self":[{"href":"https:\/\/sgvaimudar.com.br\/index.php\/wp-json\/wp\/v2\/posts\/14147","targetHints":{"allow":["GET"]}}],"collection":[{"href":"https:\/\/sgvaimudar.com.br\/index.php\/wp-json\/wp\/v2\/posts"}],"about":[{"href":"https:\/\/sgvaimudar.com.br\/index.php\/wp-json\/wp\/v2\/types\/post"}],"author":[{"embeddable":true,"href":"https:\/\/sgvaimudar.com.br\/index.php\/wp-json\/wp\/v2\/users\/5"}],"replies":[{"embeddable":true,"href":"https:\/\/sgvaimudar.com.br\/index.php\/wp-json\/wp\/v2\/comments?post=14147"}],"version-history":[{"count":1,"href":"https:\/\/sgvaimudar.com.br\/index.php\/wp-json\/wp\/v2\/posts\/14147\/revisions"}],"predecessor-version":[{"id":14149,"href":"https:\/\/sgvaimudar.com.br\/index.php\/wp-json\/wp\/v2\/posts\/14147\/revisions\/14149"}],"wp:featuredmedia":[{"embeddable":true,"href":"https:\/\/sgvaimudar.com.br\/index.php\/wp-json\/wp\/v2\/media\/14148"}],"wp:attachment":[{"href":"https:\/\/sgvaimudar.com.br\/index.php\/wp-json\/wp\/v2\/media?parent=14147"}],"wp:term":[{"taxonomy":"category","embeddable":true,"href":"https:\/\/sgvaimudar.com.br\/index.php\/wp-json\/wp\/v2\/categories?post=14147"},{"taxonomy":"post_tag","embeddable":true,"href":"https:\/\/sgvaimudar.com.br\/index.php\/wp-json\/wp\/v2\/tags?post=14147"}],"curies":[{"name":"wp","href":"https:\/\/api.w.org\/{rel}","templated":true}]}}