{"id":14123,"date":"2024-10-25T13:00:00","date_gmt":"2024-10-25T16:00:00","guid":{"rendered":"https:\/\/sgvaimudar.com.br\/?p=14123"},"modified":"2024-10-25T09:39:27","modified_gmt":"2024-10-25T12:39:27","slug":"educacao-estimula-alimentacao-saudavel-aos-alunos-da-rede-municipal","status":"publish","type":"post","link":"https:\/\/sgvaimudar.com.br\/index.php\/2024\/10\/25\/educacao-estimula-alimentacao-saudavel-aos-alunos-da-rede-municipal\/","title":{"rendered":"Educa\u00e7\u00e3o estimula alimenta\u00e7\u00e3o saud\u00e1vel aos alunos da rede municipal"},"content":{"rendered":"\n<p><em>Piquenique na APA de Maria Paula re\u00fane crian\u00e7as da educa\u00e7\u00e3o infantil<\/em><\/p>\n\n\n\n<p>Ao pensar em promover um momento de divers\u00e3o e aprendizagem no m\u00eas das crian\u00e7as, a Subsecretaria de Alimenta\u00e7\u00e3o Escolar da Secretaria de Educa\u00e7\u00e3o da Prefeitura de S\u00e3o Gon\u00e7alo realizou, nesta quinta-feira (24), um piquenique especial, na APA Est\u00e2ncias de Pendotiba, em Maria Paula, com alunos da Umei Pastor Milit\u00e3o Ramos de Oliveira e do Centro Comunit\u00e1rio Amigos do Serpa. A a\u00e7\u00e3o visou estimular a alimenta\u00e7\u00e3o saud\u00e1vel desde os primeiros anos da vida escolar.<\/p>\n\n\n\n<figure class=\"wp-block-image size-large\"><img fetchpriority=\"high\" decoding=\"async\" width=\"1024\" height=\"684\" src=\"https:\/\/sgvaimudar.com.br\/wp-content\/uploads\/2024\/10\/unnamed-5-11-1024x684.jpg\" alt=\"\" class=\"wp-image-14124\" srcset=\"https:\/\/sgvaimudar.com.br\/wp-content\/uploads\/2024\/10\/unnamed-5-11-1024x684.jpg 1024w, https:\/\/sgvaimudar.com.br\/wp-content\/uploads\/2024\/10\/unnamed-5-11-300x200.jpg 300w, https:\/\/sgvaimudar.com.br\/wp-content\/uploads\/2024\/10\/unnamed-5-11-768x513.jpg 768w, https:\/\/sgvaimudar.com.br\/wp-content\/uploads\/2024\/10\/unnamed-5-11-1536x1027.jpg 1536w, https:\/\/sgvaimudar.com.br\/wp-content\/uploads\/2024\/10\/unnamed-5-11.jpg 1616w\" sizes=\"(max-width: 1024px) 100vw, 1024px\" \/><\/figure>\n\n\n\n<p>Os alimentos escolhidos fazem parte do card\u00e1pio da merenda escolar, que foi formulado por nutricionistas para oferecer uma alimenta\u00e7\u00e3o de qualidade, com todos os nutrientes necess\u00e1rios para o pleno desenvolvimento do aluno.<\/p>\n\n\n\n<p>&nbsp;\u201cEstamos sempre promovendo esses eventos em que o aluno tem contato com a comida de forma mais l\u00fadica, para desenvolver o gosto pela alimenta\u00e7\u00e3o saud\u00e1vel. Deixamos as frutas, os biscoitos, os sacol\u00e9s, a pipoca e todos os alimentos \u00e0 m\u00e3o para que eles explorem, se interessem e comam. Momentos como este comprovam que n\u00e3o \u00e9 necess\u00e1rio incluir a\u00e7\u00facar e alimentos ultra processados para que as crian\u00e7as se interessem\u201d, disse a subsecret\u00e1ria, P\u00e2mela Lemos.<\/p>\n\n\n\n<p>Al\u00e9m do piquenique, a professora Elaine Furlani fez uma conta\u00e7\u00e3o de hist\u00f3ria sobre o tema. A diretora Luzinete Moreira, do Centro Comunit\u00e1rio Amigos do Serpa, que fica no bairro Palmeiras, entende que a iniciativa promove tamb\u00e9m a sa\u00fade.<\/p>\n\n\n\n<p>\u201cNesses momentos voc\u00ea faz uma rela\u00e7\u00e3o com as crian\u00e7as da import\u00e2ncia da nutri\u00e7\u00e3o, que n\u00e3o \u00e9 s\u00f3 distribuir o alimento e sim promover a sa\u00fade e o bem-estar. Al\u00e9m de ser um passeio muito divertido, ao ar livre, que eles n\u00e3o v\u00e3o esquecer\u201d, afirmou a diretora.<\/p>\n\n\n\n<p><em>Fotos: Renan Otto<\/em><\/p>\n\n\n\n<p><strong><em><sup>S\u00e3o Gon\u00e7alo Vai Mudar. O Maior Portal da Cidade.<\/sup><\/em><\/strong><\/p>\n\n\n\n<figure class=\"wp-block-image size-full\"><img decoding=\"async\" width=\"251\" height=\"88\" src=\"https:\/\/sgvaimudar.com.br\/wp-content\/uploads\/2023\/08\/Logo.png\" alt=\"\" class=\"wp-image-2738\" \/><\/figure>\n\n\n\n<p> <\/p>\n","protected":false},"excerpt":{"rendered":"<p>Piquenique na APA de Maria Paula re\u00fane crian\u00e7as da educa\u00e7\u00e3o infantil Ao pensar em promover um momento de divers\u00e3o e&hellip;<\/p>\n","protected":false},"author":5,"featured_media":14125,"comment_status":"open","ping_status":"open","sticky":false,"template":"","format":"standard","meta":{"fifu_image_url":"","fifu_image_alt":"","footnotes":""},"categories":[3],"tags":[],"class_list":["post-14123","post","type-post","status-publish","format-standard","has-post-thumbnail","hentry","category-sao-goncalo"],"_links":{"self":[{"href":"https:\/\/sgvaimudar.com.br\/index.php\/wp-json\/wp\/v2\/posts\/14123","targetHints":{"allow":["GET"]}}],"collection":[{"href":"https:\/\/sgvaimudar.com.br\/index.php\/wp-json\/wp\/v2\/posts"}],"about":[{"href":"https:\/\/sgvaimudar.com.br\/index.php\/wp-json\/wp\/v2\/types\/post"}],"author":[{"embeddable":true,"href":"https:\/\/sgvaimudar.com.br\/index.php\/wp-json\/wp\/v2\/users\/5"}],"replies":[{"embeddable":true,"href":"https:\/\/sgvaimudar.com.br\/index.php\/wp-json\/wp\/v2\/comments?post=14123"}],"version-history":[{"count":1,"href":"https:\/\/sgvaimudar.com.br\/index.php\/wp-json\/wp\/v2\/posts\/14123\/revisions"}],"predecessor-version":[{"id":14126,"href":"https:\/\/sgvaimudar.com.br\/index.php\/wp-json\/wp\/v2\/posts\/14123\/revisions\/14126"}],"wp:featuredmedia":[{"embeddable":true,"href":"https:\/\/sgvaimudar.com.br\/index.php\/wp-json\/wp\/v2\/media\/14125"}],"wp:attachment":[{"href":"https:\/\/sgvaimudar.com.br\/index.php\/wp-json\/wp\/v2\/media?parent=14123"}],"wp:term":[{"taxonomy":"category","embeddable":true,"href":"https:\/\/sgvaimudar.com.br\/index.php\/wp-json\/wp\/v2\/categories?post=14123"},{"taxonomy":"post_tag","embeddable":true,"href":"https:\/\/sgvaimudar.com.br\/index.php\/wp-json\/wp\/v2\/tags?post=14123"}],"curies":[{"name":"wp","href":"https:\/\/api.w.org\/{rel}","templated":true}]}}