{"id":14091,"date":"2024-10-25T08:15:32","date_gmt":"2024-10-25T11:15:32","guid":{"rendered":"https:\/\/sgvaimudar.com.br\/?p=14091"},"modified":"2024-10-25T08:15:33","modified_gmt":"2024-10-25T11:15:33","slug":"governo-do-rj-e-selecionado-para-capacitacao-de-projetos-em-mobilidade-urbana","status":"publish","type":"post","link":"https:\/\/sgvaimudar.com.br\/index.php\/2024\/10\/25\/governo-do-rj-e-selecionado-para-capacitacao-de-projetos-em-mobilidade-urbana\/","title":{"rendered":"Governo do RJ \u00e9 selecionado para capacita\u00e7\u00e3o de projetos em mobilidade urbana\u00a0"},"content":{"rendered":"\n<p><em>Iniciativa do Muvi, em S\u00e3o Gon\u00e7alo, foi escolhida pelo Governo Federal<\/em><\/p>\n\n\n\n<p>O Governo do Rio, por meio da Secretaria das Cidades, foi selecionado para participar da capacita\u00e7\u00e3o de gestoras e gestores municipais em estrutura\u00e7\u00e3o de Projetos Financi\u00e1veis de Mobilidade Urbana Sustent\u00e1vel, uma iniciativa da Secretaria Nacional de Mobilidade Urbana, do Minist\u00e9rio das Cidades, e do Programa Euroclima.\u00a0<\/p>\n\n\n\n<figure class=\"wp-block-image size-large\"><img fetchpriority=\"high\" decoding=\"async\" width=\"1024\" height=\"682\" src=\"https:\/\/sgvaimudar.com.br\/wp-content\/uploads\/2024\/10\/MUVI.1-1024x682.jpeg\" alt=\"\" class=\"wp-image-14092\" srcset=\"https:\/\/sgvaimudar.com.br\/wp-content\/uploads\/2024\/10\/MUVI.1-1024x682.jpeg 1024w, https:\/\/sgvaimudar.com.br\/wp-content\/uploads\/2024\/10\/MUVI.1-300x200.jpeg 300w, https:\/\/sgvaimudar.com.br\/wp-content\/uploads\/2024\/10\/MUVI.1-768x512.jpeg 768w, https:\/\/sgvaimudar.com.br\/wp-content\/uploads\/2024\/10\/MUVI.1-1536x1023.jpeg 1536w, https:\/\/sgvaimudar.com.br\/wp-content\/uploads\/2024\/10\/MUVI.1.jpeg 1600w\" sizes=\"(max-width: 1024px) 100vw, 1024px\" \/><\/figure>\n\n\n\n<p>A iniciativa inclui semin\u00e1rios e mentorias online, al\u00e9m de uma oficina presencial, em Bras\u00edlia, que ser\u00e1 realizada em dezembro. Maior projeto de mobilidade urbana da hist\u00f3ria de S\u00e3o Gon\u00e7alo, na Regi\u00e3o Metropolitana, o Muvi (Mobilidade Urbana Verde Integrada) foi escolhido para representar o Estado do RJ. <\/p>\n\n\n\n<p>Executado em parceria com a Prefeitura de S\u00e3o Gon\u00e7alo, o corredor vi\u00e1rio vai cortar todo o eixo central da cidade, levando mais sustentabilidade, fluidez ao tr\u00e2nsito, e bem-estar aos moradores dos bairros beneficiados pela interven\u00e7\u00e3o, que contempla, drenagem, arboriza\u00e7\u00e3o, cliclovias e \u00e1reas de conviv\u00eancia. O investimento na requalifica\u00e7\u00e3o urbana \u00e9 de mais de R$ 300 milh\u00f5es.\u00a0<\/p>\n\n\n\n<figure class=\"wp-block-video\"><video height=\"1280\" style=\"aspect-ratio: 720 \/ 1280;\" width=\"720\" controls src=\"https:\/\/sgvaimudar.com.br\/wp-content\/uploads\/2024\/10\/Snapinsta.app_video_DB4491D80E230E76C044B086EB11DBB0_video_dashinit-1.mp4\"><\/video><\/figure>\n\n\n\n<p>&#8212; A gente pensa nos projetos para serem efetivos e vi\u00e1veis para a popula\u00e7\u00e3o. Ver que eles est\u00e3o de fato sendo importantes em diversos aspectos, s\u00f3 refor\u00e7a nosso compromisso com a coisa p\u00fablica e nos d\u00e1 muito orgulho de seguir com esse trabalho -, comemorou Douglas Ruas, secret\u00e1rio de Estado das Cidades.<\/p>\n\n\n\n<p>O crit\u00e9rio de sele\u00e7\u00e3o incluiu uma an\u00e1lise sobre a ader\u00eancia tem\u00e1tica e a qualidade t\u00e9cnica das propostas apresentadas, al\u00e9m de projetos em fase de pr\u00e9-viabilidade, viabilidade e anteprojeto; hist\u00f3rico de acesso a oportunidades de financiamento e\/ou assessoria t\u00e9cnica: PAC, Avan\u00e7ar Cidades e outros; diversidade de g\u00eanero e ra\u00e7a das pessoas mentoradas; presen\u00e7a de servidores concursados nas equipes; e diversidade regional dos grupos.&nbsp;<\/p>\n\n\n\n<p><strong>Selo Bicicleta Brasil&nbsp;<\/strong><\/p>\n\n\n\n<p>O projeto do Muvi tamb\u00e9m recebeu o selo Bicicleta Brasil, iniciativa do Governo Federal, institu\u00eddo pela Lei n\u00ba 13.724, de 4 de outubro de 2018 , que tem o objetivo de incentivar o uso da bicicleta como meio de transporte a ser implementado em todas as cidades com mais de vinte mil habitantes, visando contribuir para a melhoria das condi\u00e7\u00f5es de mobilidade urbana em territ\u00f3rio nacional.<\/p>\n\n\n\n<p>A ideia \u00e9 reconhecer e divulgar as boas pr\u00e1ticas que incentivem o uso da bicicleta visando \u00e0 melhoria das condi\u00e7\u00f5es de mobilidade urbana em todo o pa\u00eds. Al\u00e9m do Muvi, o projeto da ciclorrota, em S\u00e3o Gon\u00e7alo, e da Avenida 22 de Maio, em Itabora\u00ed, tamb\u00e9m fazem parte da iniciativa.<\/p>\n\n\n\n<p><em>Fotos: Rafaela Cassiano \/ Secretaria das Cidades<\/em><\/p>\n\n\n\n<p><strong><em><sup>S\u00e3o Gon\u00e7alo Vai Mudar. O Maior Portal da Cidade.<\/sup><\/em><\/strong><\/p>\n\n\n\n<figure class=\"wp-block-image size-full\"><img decoding=\"async\" width=\"251\" height=\"88\" src=\"https:\/\/sgvaimudar.com.br\/wp-content\/uploads\/2023\/08\/Logo.png\" alt=\"\" class=\"wp-image-2738\" \/><\/figure>\n","protected":false},"excerpt":{"rendered":"<p>Iniciativa do Muvi, em S\u00e3o Gon\u00e7alo, foi escolhida pelo Governo Federal O Governo do Rio, por meio da Secretaria das&hellip;<\/p>\n","protected":false},"author":5,"featured_media":14093,"comment_status":"open","ping_status":"open","sticky":false,"template":"","format":"standard","meta":{"fifu_image_url":"","fifu_image_alt":"","footnotes":""},"categories":[3],"tags":[],"class_list":["post-14091","post","type-post","status-publish","format-standard","has-post-thumbnail","hentry","category-sao-goncalo"],"_links":{"self":[{"href":"https:\/\/sgvaimudar.com.br\/index.php\/wp-json\/wp\/v2\/posts\/14091","targetHints":{"allow":["GET"]}}],"collection":[{"href":"https:\/\/sgvaimudar.com.br\/index.php\/wp-json\/wp\/v2\/posts"}],"about":[{"href":"https:\/\/sgvaimudar.com.br\/index.php\/wp-json\/wp\/v2\/types\/post"}],"author":[{"embeddable":true,"href":"https:\/\/sgvaimudar.com.br\/index.php\/wp-json\/wp\/v2\/users\/5"}],"replies":[{"embeddable":true,"href":"https:\/\/sgvaimudar.com.br\/index.php\/wp-json\/wp\/v2\/comments?post=14091"}],"version-history":[{"count":1,"href":"https:\/\/sgvaimudar.com.br\/index.php\/wp-json\/wp\/v2\/posts\/14091\/revisions"}],"predecessor-version":[{"id":14095,"href":"https:\/\/sgvaimudar.com.br\/index.php\/wp-json\/wp\/v2\/posts\/14091\/revisions\/14095"}],"wp:featuredmedia":[{"embeddable":true,"href":"https:\/\/sgvaimudar.com.br\/index.php\/wp-json\/wp\/v2\/media\/14093"}],"wp:attachment":[{"href":"https:\/\/sgvaimudar.com.br\/index.php\/wp-json\/wp\/v2\/media?parent=14091"}],"wp:term":[{"taxonomy":"category","embeddable":true,"href":"https:\/\/sgvaimudar.com.br\/index.php\/wp-json\/wp\/v2\/categories?post=14091"},{"taxonomy":"post_tag","embeddable":true,"href":"https:\/\/sgvaimudar.com.br\/index.php\/wp-json\/wp\/v2\/tags?post=14091"}],"curies":[{"name":"wp","href":"https:\/\/api.w.org\/{rel}","templated":true}]}}