{"id":14059,"date":"2024-10-24T14:00:00","date_gmt":"2024-10-24T17:00:00","guid":{"rendered":"https:\/\/sgvaimudar.com.br\/?p=14059"},"modified":"2024-10-24T11:43:46","modified_gmt":"2024-10-24T14:43:46","slug":"prefeito-capitao-neves-acompanha-as-obras-de-infraestrutura-em-neves","status":"publish","type":"post","link":"https:\/\/sgvaimudar.com.br\/index.php\/2024\/10\/24\/prefeito-capitao-neves-acompanha-as-obras-de-infraestrutura-em-neves\/","title":{"rendered":"Prefeito Capit\u00e3o Neves acompanha as obras de infraestrutura em Neves"},"content":{"rendered":"\n<p><em>Moradores celebram as recentes transforma\u00e7\u00f5es do local<\/em><\/p>\n\n\n\n<p>O prefeito Capit\u00e3o Nelson esteve, ontem, (quarta-feira, 23), acompanhando as obras que as equipes da Secretaria de Desenvolvimento Urbano atuam em v\u00e1rios bairros do munic\u00edpio. Um desses locais \u00e9 o trecho inicial da Rua Maur\u00edcio de Abreu, em Neves, via que deixou de ser secund\u00e1ria e passou a ser corredor vi\u00e1rio com as interven\u00e7\u00f5es do Muvi.<\/p>\n\n\n\n<figure class=\"wp-block-image size-full\"><img fetchpriority=\"high\" decoding=\"async\" width=\"1024\" height=\"683\" src=\"https:\/\/sgvaimudar.com.br\/wp-content\/uploads\/2024\/10\/unnamed-3-12.jpg\" alt=\"\" class=\"wp-image-14060\" srcset=\"https:\/\/sgvaimudar.com.br\/wp-content\/uploads\/2024\/10\/unnamed-3-12.jpg 1024w, https:\/\/sgvaimudar.com.br\/wp-content\/uploads\/2024\/10\/unnamed-3-12-300x200.jpg 300w, https:\/\/sgvaimudar.com.br\/wp-content\/uploads\/2024\/10\/unnamed-3-12-768x512.jpg 768w\" sizes=\"(max-width: 1024px) 100vw, 1024px\" \/><\/figure>\n\n\n\n<p>O trecho inicial da via, que n\u00e3o integra o projeto de mobilidade e que antes era de terra, come\u00e7ou a receber asfalto. O trecho pr\u00f3ximo \u00e0 antiga linha f\u00e9rrea recebeu diversas interven\u00e7\u00f5es, que incluem drenagem, rede de esgoto, constru\u00e7\u00e3o de meios-fios, cal\u00e7adas e, agora, est\u00e1 recebendo urbanismo e a constru\u00e7\u00e3o de vagas de estacionamento.<\/p>\n\n\n\n<p>Na ocasi\u00e3o, prefeito falou sobre as obras. &#8220;Cuidamos do bairro de Neves. O Muvi j\u00e1 transformou um pouco o bairro, que \u00e9 o primeiro para quem vem de Niter\u00f3i para o nosso munic\u00edpio. E, agora, revitalizamos mais uma rua e damos qualidade de vida para a popula\u00e7\u00e3o com um trabalho que transforma toda a cidade de S\u00e3o Gon\u00e7alo&#8221;, disse.<\/p>\n\n\n\n<p>Josino de Souza, de 75 anos, \u00e9 morador do bairro h\u00e1 40 anos e nunca viu uma transforma\u00e7\u00e3o como essa em sua rua. &#8220;Todos os pol\u00edticos sempre vieram aqui e prometeram coisas, mas nunca cumpriram. Aqui estava abandonado. Capit\u00e3o Nelson veio e transformou a nossa rua. Est\u00e1 tudo ficando \u00f3timo com essa obra. Agora, com o asfalto, vai ficar melhor para os carros trafegarem. Fora que temos cal\u00e7adas novas, na frente da minha casa eu j\u00e1 tinha feito, mas agora todos t\u00eam. A obra, inclusive, \u00e9 de qualidade&#8221;, afirmou Josino.<\/p>\n\n\n\n<p>Al\u00e9m das interven\u00e7\u00f5es em Neves, a Secretaria transformou, com obras recentes, bairros como Vista Alegre, criando uma via para facilitar o acesso \u00e0 RJ-104; e o polo de autope\u00e7as do Jardim Alc\u00e2ntara, revitalizando uma \u00e1rea antes degradada e alvo de constantes reclama\u00e7\u00f5es, mas que agora est\u00e1 completamente revitalizada, al\u00e9m da constru\u00e7\u00e3o de um estacionamento.<\/p>\n\n\n\n<p><strong><em><sup>S\u00e3o Gon\u00e7alo Vai Mudar. O Maior Portal da Cidade.<\/sup><\/em><\/strong><\/p>\n\n\n\n<figure class=\"wp-block-image size-full\"><img decoding=\"async\" width=\"251\" height=\"88\" src=\"https:\/\/sgvaimudar.com.br\/wp-content\/uploads\/2023\/08\/Logo.png\" alt=\"\" class=\"wp-image-2738\" \/><\/figure>\n\n\n\n<p> <\/p>\n","protected":false},"excerpt":{"rendered":"<p>Moradores celebram as recentes transforma\u00e7\u00f5es do local O prefeito Capit\u00e3o Nelson esteve, ontem, (quarta-feira, 23), acompanhando as obras que as&hellip;<\/p>\n","protected":false},"author":5,"featured_media":14061,"comment_status":"open","ping_status":"open","sticky":false,"template":"","format":"standard","meta":{"fifu_image_url":"","fifu_image_alt":"","footnotes":""},"categories":[3],"tags":[],"class_list":["post-14059","post","type-post","status-publish","format-standard","has-post-thumbnail","hentry","category-sao-goncalo"],"_links":{"self":[{"href":"https:\/\/sgvaimudar.com.br\/index.php\/wp-json\/wp\/v2\/posts\/14059","targetHints":{"allow":["GET"]}}],"collection":[{"href":"https:\/\/sgvaimudar.com.br\/index.php\/wp-json\/wp\/v2\/posts"}],"about":[{"href":"https:\/\/sgvaimudar.com.br\/index.php\/wp-json\/wp\/v2\/types\/post"}],"author":[{"embeddable":true,"href":"https:\/\/sgvaimudar.com.br\/index.php\/wp-json\/wp\/v2\/users\/5"}],"replies":[{"embeddable":true,"href":"https:\/\/sgvaimudar.com.br\/index.php\/wp-json\/wp\/v2\/comments?post=14059"}],"version-history":[{"count":1,"href":"https:\/\/sgvaimudar.com.br\/index.php\/wp-json\/wp\/v2\/posts\/14059\/revisions"}],"predecessor-version":[{"id":14062,"href":"https:\/\/sgvaimudar.com.br\/index.php\/wp-json\/wp\/v2\/posts\/14059\/revisions\/14062"}],"wp:featuredmedia":[{"embeddable":true,"href":"https:\/\/sgvaimudar.com.br\/index.php\/wp-json\/wp\/v2\/media\/14061"}],"wp:attachment":[{"href":"https:\/\/sgvaimudar.com.br\/index.php\/wp-json\/wp\/v2\/media?parent=14059"}],"wp:term":[{"taxonomy":"category","embeddable":true,"href":"https:\/\/sgvaimudar.com.br\/index.php\/wp-json\/wp\/v2\/categories?post=14059"},{"taxonomy":"post_tag","embeddable":true,"href":"https:\/\/sgvaimudar.com.br\/index.php\/wp-json\/wp\/v2\/tags?post=14059"}],"curies":[{"name":"wp","href":"https:\/\/api.w.org\/{rel}","templated":true}]}}