{"id":14055,"date":"2024-10-24T13:00:00","date_gmt":"2024-10-24T16:00:00","guid":{"rendered":"https:\/\/sgvaimudar.com.br\/?p=14055"},"modified":"2024-10-24T11:31:44","modified_gmt":"2024-10-24T14:31:44","slug":"secretaria-de-saude-goncalense-promove-caminhada-do-outubro-rosa","status":"publish","type":"post","link":"https:\/\/sgvaimudar.com.br\/index.php\/2024\/10\/24\/secretaria-de-saude-goncalense-promove-caminhada-do-outubro-rosa\/","title":{"rendered":"Secretaria de Sa\u00fade gon\u00e7alense promove caminhada do Outubro Rosa"},"content":{"rendered":"\n<p><em>Atividade refor\u00e7a a\u00e7\u00f5es de conscientiza\u00e7\u00e3o para preven\u00e7\u00e3o do c\u00e2ncer neste s\u00e1bado (26)\u00a0\u00a0<\/em><\/p>\n\n\n\n<p>A Secretaria de Sa\u00fade da Prefeitura de S\u00e3o Gon\u00e7alo informou que vai realizar mais um ato de conscientiza\u00e7\u00e3o para a preven\u00e7\u00e3o dos c\u00e2nceres de mama e do colo do \u00fatero. No pr\u00f3ximo s\u00e1bado (26), o evento ser\u00e1 realizado em uma caminhada pelo Centro da cidade em alus\u00e3o \u00e0 Campanha Outubro Rosa. Todos os gon\u00e7alenses est\u00e3o convidados para participar usando roupas e acess\u00f3rios na cor rosa.\u00a0<\/p>\n\n\n\n<figure class=\"wp-block-image size-large\"><img fetchpriority=\"high\" decoding=\"async\" width=\"1024\" height=\"1024\" src=\"https:\/\/sgvaimudar.com.br\/wp-content\/uploads\/2024\/10\/unnamed-1-16-1024x1024.jpg\" alt=\"\" class=\"wp-image-14056\" srcset=\"https:\/\/sgvaimudar.com.br\/wp-content\/uploads\/2024\/10\/unnamed-1-16-1024x1024.jpg 1024w, https:\/\/sgvaimudar.com.br\/wp-content\/uploads\/2024\/10\/unnamed-1-16-300x300.jpg 300w, https:\/\/sgvaimudar.com.br\/wp-content\/uploads\/2024\/10\/unnamed-1-16-150x150.jpg 150w, https:\/\/sgvaimudar.com.br\/wp-content\/uploads\/2024\/10\/unnamed-1-16-768x768.jpg 768w, https:\/\/sgvaimudar.com.br\/wp-content\/uploads\/2024\/10\/unnamed-1-16.jpg 1200w\" sizes=\"(max-width: 1024px) 100vw, 1024px\" \/><\/figure>\n\n\n\n<p>A concentra\u00e7\u00e3o ser\u00e1 na Pra\u00e7a Esteph\u00e2nia de Carvalho (Pra\u00e7a do Z\u00e9 Garoto), a partir das 8h. Para participar, basta comparecer ao local. N\u00e3o h\u00e1 necessidade de inscri\u00e7\u00e3o. A caminhada vai at\u00e9 a Pra\u00e7a Dr. Luiz Palmier (popular Pra\u00e7a do Rodo ou Pra\u00e7a da Marisa), onde acontecer\u00e1 a dispers\u00e3o.\u00a0<\/p>\n\n\n\n<p>\u201cA Caminhada do Outubro Rosa \u00e9 mais uma a\u00e7\u00e3o para lembrar as mulheres que elas devem se cuidar. \u00c9 um ato para chamar a aten\u00e7\u00e3o e mostrar que a preven\u00e7\u00e3o ainda \u00e9 o melhor \u2018rem\u00e9dio\u2019. Fazer o autoexame das mamas e o preventivo anualmente \u00e9 um dever de todas as mulheres. E caso perceba alguma mudan\u00e7a nas mamas, por menor que seja, deve-se procurar o m\u00e9dico para ser encaminhada para a realiza\u00e7\u00e3o dos demais exames. O diagn\u00f3stico precoce \u00e9 essencial para a possibilidade de cura do c\u00e2ncer\u201d, disse a secret\u00e1ria municipal de Sa\u00fade e Defesa Civil, a m\u00e9dica Bianca Serour.\u00a0\u00a0\u00a0\u00a0<\/p>\n\n\n\n<p><strong>Programa\u00e7\u00e3o Outubro Rosa<\/strong><\/p>\n\n\n\n<p>Atividades de orienta\u00e7\u00e3o sobre a preven\u00e7\u00e3o dos c\u00e2nceres est\u00e3o acontecendo em diferentes unidades de sa\u00fade municipais durante todo o m\u00eas de outubro. A carreta do mam\u00f3grafo m\u00f3vel do Governo do Estado realiza mamografias e ultrassonografias para as pacientes agendadas pela Central de Regula\u00e7\u00e3o na Pra\u00e7a do Z\u00e9 Garoto at\u00e9 o pr\u00f3ximo s\u00e1bado (26).\u00a0\u00a0<\/p>\n\n\n\n<p>O Polo Sanit\u00e1rio Washington Luiz, no Z\u00e9 Garoto, realiza durante todo o m\u00eas de outubro, sempre de segunda a sexta, rodas de conversa, palestras de conscientiza\u00e7\u00e3o sobre o tema e preventivo &#8211; diariamente &#8211; sem marca\u00e7\u00e3o, das 13h \u00e0s 17h. No Espa\u00e7o Rosa, o preventivo sem agendamento ainda ser\u00e1 realizado nos dias 25 e 26 deste m\u00eas.\u00a0<\/p>\n\n\n\n<p>Para realizar os exames, a paciente precisa estar tr\u00eas dias sem rela\u00e7\u00e3o sexual, ter passado 10 dias da \u00faltima menstrua\u00e7\u00e3o e n\u00e3o pode estar usando pomadas, cremes ou ducha vaginal. Os documentos necess\u00e1rios s\u00e3o: identidade, CPF, cart\u00e3o do SUS e comprovante de resid\u00eancia.\u00a0<\/p>\n\n\n\n<p><strong><em><sup>S\u00e3o Gon\u00e7alo Vai Mudar. O Maior Portal da Cidade.<\/sup><\/em><\/strong><\/p>\n\n\n\n<figure class=\"wp-block-image size-full\"><img decoding=\"async\" width=\"250\" height=\"87\" src=\"https:\/\/sgvaimudar.com.br\/wp-content\/uploads\/2023\/08\/cropped-Logo.png\" alt=\"\" class=\"wp-image-2739\" \/><\/figure>\n","protected":false},"excerpt":{"rendered":"<p>Atividade refor\u00e7a a\u00e7\u00f5es de conscientiza\u00e7\u00e3o para preven\u00e7\u00e3o do c\u00e2ncer neste s\u00e1bado (26)\u00a0\u00a0 A Secretaria de Sa\u00fade da Prefeitura de S\u00e3o&hellip;<\/p>\n","protected":false},"author":5,"featured_media":14057,"comment_status":"open","ping_status":"open","sticky":false,"template":"","format":"standard","meta":{"fifu_image_url":"","fifu_image_alt":"","footnotes":""},"categories":[7],"tags":[],"class_list":["post-14055","post","type-post","status-publish","format-standard","has-post-thumbnail","hentry","category-saude"],"_links":{"self":[{"href":"https:\/\/sgvaimudar.com.br\/index.php\/wp-json\/wp\/v2\/posts\/14055","targetHints":{"allow":["GET"]}}],"collection":[{"href":"https:\/\/sgvaimudar.com.br\/index.php\/wp-json\/wp\/v2\/posts"}],"about":[{"href":"https:\/\/sgvaimudar.com.br\/index.php\/wp-json\/wp\/v2\/types\/post"}],"author":[{"embeddable":true,"href":"https:\/\/sgvaimudar.com.br\/index.php\/wp-json\/wp\/v2\/users\/5"}],"replies":[{"embeddable":true,"href":"https:\/\/sgvaimudar.com.br\/index.php\/wp-json\/wp\/v2\/comments?post=14055"}],"version-history":[{"count":1,"href":"https:\/\/sgvaimudar.com.br\/index.php\/wp-json\/wp\/v2\/posts\/14055\/revisions"}],"predecessor-version":[{"id":14058,"href":"https:\/\/sgvaimudar.com.br\/index.php\/wp-json\/wp\/v2\/posts\/14055\/revisions\/14058"}],"wp:featuredmedia":[{"embeddable":true,"href":"https:\/\/sgvaimudar.com.br\/index.php\/wp-json\/wp\/v2\/media\/14057"}],"wp:attachment":[{"href":"https:\/\/sgvaimudar.com.br\/index.php\/wp-json\/wp\/v2\/media?parent=14055"}],"wp:term":[{"taxonomy":"category","embeddable":true,"href":"https:\/\/sgvaimudar.com.br\/index.php\/wp-json\/wp\/v2\/categories?post=14055"},{"taxonomy":"post_tag","embeddable":true,"href":"https:\/\/sgvaimudar.com.br\/index.php\/wp-json\/wp\/v2\/tags?post=14055"}],"curies":[{"name":"wp","href":"https:\/\/api.w.org\/{rel}","templated":true}]}}