{"id":14015,"date":"2024-10-23T21:00:00","date_gmt":"2024-10-24T00:00:00","guid":{"rendered":"https:\/\/sgvaimudar.com.br\/?p=14015"},"modified":"2024-10-23T11:21:51","modified_gmt":"2024-10-23T14:21:51","slug":"documentacao-habitacao-segue-convocando-para-casa-propria","status":"publish","type":"post","link":"https:\/\/sgvaimudar.com.br\/index.php\/2024\/10\/23\/documentacao-habitacao-segue-convocando-para-casa-propria\/","title":{"rendered":"Documenta\u00e7\u00e3o: Habita\u00e7\u00e3o segue convocando para casa pr\u00f3pria"},"content":{"rendered":"\n<p><em>Documenta\u00e7\u00e3o para an\u00e1lise est\u00e1 sendo entregue no Partage Shopping<\/em><\/p>\n\n\n\n<p>A Secretaria de Habita\u00e7\u00e3o da Prefeitura de S\u00e3o Gon\u00e7alo informou que segue convocando as 800 fam\u00edlias gon\u00e7alenses previamente cadastradas no Minha Casa Minha Vida para o empreendimento \u201cCidade Verde I, III e IV\u201d, no Anaia. Os convocados est\u00e3o comparecendo \u00e0 Secretaria, no Partage Shopping, no Centro, para seguir com os tr\u00e2mites legais relacionados \u00e0 documenta\u00e7\u00e3o.<\/p>\n\n\n\n<figure class=\"wp-block-image size-large\"><img fetchpriority=\"high\" decoding=\"async\" width=\"1024\" height=\"684\" src=\"https:\/\/sgvaimudar.com.br\/wp-content\/uploads\/2024\/10\/unnamed-3-11-1024x684.jpg\" alt=\"\" class=\"wp-image-14017\" srcset=\"https:\/\/sgvaimudar.com.br\/wp-content\/uploads\/2024\/10\/unnamed-3-11-1024x684.jpg 1024w, https:\/\/sgvaimudar.com.br\/wp-content\/uploads\/2024\/10\/unnamed-3-11-300x200.jpg 300w, https:\/\/sgvaimudar.com.br\/wp-content\/uploads\/2024\/10\/unnamed-3-11-768x513.jpg 768w, https:\/\/sgvaimudar.com.br\/wp-content\/uploads\/2024\/10\/unnamed-3-11-1536x1027.jpg 1536w, https:\/\/sgvaimudar.com.br\/wp-content\/uploads\/2024\/10\/unnamed-3-11.jpg 1616w\" sizes=\"(max-width: 1024px) 100vw, 1024px\" \/><\/figure>\n\n\n\n<p>Os benefici\u00e1rios do chamamento s\u00e3o pessoas que j\u00e1 estavam inscritas no Cidade Verde e as que est\u00e3o com casas interditadas, de acordo com o ranking estabelecido pelo programa Minha Casa Minha Vida. Nesta etapa, os inscritos passam por an\u00e1lise de documenta\u00e7\u00e3o que ser\u00e1 enviada \u00e0 Caixa Econ\u00f4mica Federal.<\/p>\n\n\n\n<p>\u201cCom a resposta positiva vinda da Caixa Econ\u00f4mica Federal sobre documenta\u00e7\u00e3o e requisitos, chamamos os selecionados atrav\u00e9s do Di\u00e1rio Oficial do Munic\u00edpio, para a pr\u00f3xima fase, que \u00e9 o sorteio. O sorteio vai estabelecer os apartamentos nos quais os contemplados ir\u00e3o ficar\u201d, explicou a subsecret\u00e1ria de Habita\u00e7\u00e3o, Gabriela Almeida.<\/p>\n\n\n\n<p>Al\u00e9m do atendimento aos convocados que se inscreveram atrav\u00e9s do Colab, a Secretaria de Habita\u00e7\u00e3o tamb\u00e9m est\u00e1 atendendo \u00e0s demandas espont\u00e2neas para cadastro no programa Minha Casa, Minha Vida.<\/p>\n\n\n\n<p>Os apartamentos localizados no primeiro andar s\u00e3o priorit\u00e1rios para pessoas com defici\u00eancia, mobilidade reduzida e idosos. Ap\u00f3s o sorteio acontece a assinatura de contrato junto \u00e0 Caixa Econ\u00f4mica e a vistoria t\u00e9cnica dos apartamentos, a \u00faltima etapa antes da entrega das chaves aos novos propriet\u00e1rios.<\/p>\n\n\n\n<p>Para o empreendimento do Anaia, s\u00e3o 800 unidades habitacionais, divididas em tr\u00eas blocos, com dois quartos, sala, banheiro e cozinha. Atualmente, o empreendimento est\u00e1 em fase de finaliza\u00e7\u00e3o. Est\u00e3o sendo realizadas pinturas, coloca\u00e7\u00e3o de cer\u00e2mica, servi\u00e7os de rede el\u00e9trica e hidr\u00e1ulica, entre outros detalhes e ajustes.<\/p>\n\n\n\n<p>As obras estavam paradas h\u00e1 seis anos, ap\u00f3s abandono da antiga empreiteira. A Caixa Econ\u00f4mica Federal realizou uma nova licita\u00e7\u00e3o, vencida no fim de 2023, e as interven\u00e7\u00f5es foram retomadas em mar\u00e7o deste ano.<\/p>\n\n\n\n<p>O nome dos benefici\u00e1rios convocados est\u00e1 no Di\u00e1rio Oficial do dia 9 de outubro. Atrav\u00e9s do seguinte endere\u00e7o eletr\u00f4nico:&nbsp;<a href=\"https:\/\/click.cse360.com.br\/Click\/AddCampaignEmailClick\/9618ea36-f40e-4685-92ad-08dce85119f5\/https%253a%252f%252fdo.pmsg.rj.gov.br%252fdiario%252f2024_10_09.pdf\/ab15f8fa-85b2-46af-ac93-a83d37a01593\/gutoaguia@gmail.com\/False\" rel=\"noreferrer noopener\" target=\"_blank\">https:\/\/do.pmsg.rj.gov.br\/diario\/2024_10_09.pdf<\/a><\/p>\n\n\n\n<p>As convoca\u00e7\u00f5es tamb\u00e9m est\u00e3o sendo pela Secretaria de Habita\u00e7\u00e3o atrav\u00e9s dos telefones cadastrados e acontecem at\u00e9 o dia 8 de novembro.<\/p>\n\n\n\n<p>Os beneficiados devem comparecer com os documentos listados na sede da Secretaria de Habita\u00e7\u00e3o, que fica na Avenida Presidente Kennedy, 425, no Centro (Partage Shopping), das 10h \u00e0s 14h, nos dias determinados para cada grupo na lista divulgada no Di\u00e1rio Oficial do dia 9 de outubro.<\/p>\n\n\n\n<p><em>Fotos: Renan Otto<\/em><\/p>\n\n\n\n<p><strong><em><sup>S\u00e3o Gon\u00e7alo Vai Mudar. O Maior Portal da Cidade.<\/sup><\/em><\/strong><\/p>\n\n\n\n<figure class=\"wp-block-image size-full\"><img decoding=\"async\" width=\"250\" height=\"87\" src=\"https:\/\/sgvaimudar.com.br\/wp-content\/uploads\/2023\/08\/cropped-Logo.png\" alt=\"\" class=\"wp-image-2739\" \/><\/figure>\n","protected":false},"excerpt":{"rendered":"<p>Documenta\u00e7\u00e3o para an\u00e1lise est\u00e1 sendo entregue no Partage Shopping A Secretaria de Habita\u00e7\u00e3o da Prefeitura de S\u00e3o Gon\u00e7alo informou que&hellip;<\/p>\n","protected":false},"author":5,"featured_media":14016,"comment_status":"open","ping_status":"open","sticky":false,"template":"","format":"standard","meta":{"fifu_image_url":"","fifu_image_alt":"","footnotes":""},"categories":[3],"tags":[],"class_list":["post-14015","post","type-post","status-publish","format-standard","has-post-thumbnail","hentry","category-sao-goncalo"],"_links":{"self":[{"href":"https:\/\/sgvaimudar.com.br\/index.php\/wp-json\/wp\/v2\/posts\/14015","targetHints":{"allow":["GET"]}}],"collection":[{"href":"https:\/\/sgvaimudar.com.br\/index.php\/wp-json\/wp\/v2\/posts"}],"about":[{"href":"https:\/\/sgvaimudar.com.br\/index.php\/wp-json\/wp\/v2\/types\/post"}],"author":[{"embeddable":true,"href":"https:\/\/sgvaimudar.com.br\/index.php\/wp-json\/wp\/v2\/users\/5"}],"replies":[{"embeddable":true,"href":"https:\/\/sgvaimudar.com.br\/index.php\/wp-json\/wp\/v2\/comments?post=14015"}],"version-history":[{"count":1,"href":"https:\/\/sgvaimudar.com.br\/index.php\/wp-json\/wp\/v2\/posts\/14015\/revisions"}],"predecessor-version":[{"id":14018,"href":"https:\/\/sgvaimudar.com.br\/index.php\/wp-json\/wp\/v2\/posts\/14015\/revisions\/14018"}],"wp:featuredmedia":[{"embeddable":true,"href":"https:\/\/sgvaimudar.com.br\/index.php\/wp-json\/wp\/v2\/media\/14016"}],"wp:attachment":[{"href":"https:\/\/sgvaimudar.com.br\/index.php\/wp-json\/wp\/v2\/media?parent=14015"}],"wp:term":[{"taxonomy":"category","embeddable":true,"href":"https:\/\/sgvaimudar.com.br\/index.php\/wp-json\/wp\/v2\/categories?post=14015"},{"taxonomy":"post_tag","embeddable":true,"href":"https:\/\/sgvaimudar.com.br\/index.php\/wp-json\/wp\/v2\/tags?post=14015"}],"curies":[{"name":"wp","href":"https:\/\/api.w.org\/{rel}","templated":true}]}}