{"id":14007,"date":"2024-10-23T17:00:00","date_gmt":"2024-10-23T20:00:00","guid":{"rendered":"https:\/\/sgvaimudar.com.br\/?p=14007"},"modified":"2024-10-23T11:06:49","modified_gmt":"2024-10-23T14:06:49","slug":"centro-de-imagens-de-sao-goncalo-faz-acao-no-outubro-rosa","status":"publish","type":"post","link":"https:\/\/sgvaimudar.com.br\/index.php\/2024\/10\/23\/centro-de-imagens-de-sao-goncalo-faz-acao-no-outubro-rosa\/","title":{"rendered":"Centro de Imagens de S\u00e3o Gon\u00e7alo faz a\u00e7\u00e3o no Outubro Rosa"},"content":{"rendered":"\n<p><em>Funcion\u00e1rias e pacientes do Ciesg participaram de palestras e receberam orienta\u00e7\u00f5es. prefeito Capit\u00e3o Nelson participou da a\u00e7\u00e3o na parte da manh\u00e3\u00a0\u00a0<\/em><\/p>\n\n\n\n<p>Os pacientes e funcion\u00e1rias do Centro de Imagens e Especialidades de S\u00e3o Gon\u00e7alo (Ciesg), no Vila Tr\u00eas, participaram, na tarde desta ter\u00e7a-feira (22), de evento alusivo \u00e0 Campanha Outubro Rosa chamado de 365 Dias Rosa. <\/p>\n\n\n\n<figure class=\"wp-block-image size-full\"><img fetchpriority=\"high\" decoding=\"async\" width=\"575\" height=\"673\" src=\"https:\/\/sgvaimudar.com.br\/wp-content\/uploads\/2024\/10\/unnamed-11-4.jpg\" alt=\"\" class=\"wp-image-14008\" srcset=\"https:\/\/sgvaimudar.com.br\/wp-content\/uploads\/2024\/10\/unnamed-11-4.jpg 575w, https:\/\/sgvaimudar.com.br\/wp-content\/uploads\/2024\/10\/unnamed-11-4-256x300.jpg 256w\" sizes=\"(max-width: 575px) 100vw, 575px\" \/><\/figure>\n\n\n\n<p>Na ocasi\u00e3o, houve palestras de conscientiza\u00e7\u00e3o e orienta\u00e7\u00e3o sobre a preven\u00e7\u00e3o aos c\u00e2nceres de mama e do colo do \u00fatero e apresenta\u00e7\u00e3o musical com o saxofonista Helder Rocha. O prefeito Capit\u00e3o Nelson participou da a\u00e7\u00e3o na parte da manh\u00e3.\u00a0<\/p>\n\n\n\n<p>A psic\u00f3loga L\u00edlia Erthal, diretora geral do Ciesg, fez palestra did\u00e1tica e falou sobre a desmistifica\u00e7\u00e3o do c\u00e2ncer. A enfermeira sanitarista Ana Carolina Lobo, t\u00e9cnica do Programa de Aten\u00e7\u00e3o Integral \u00e0 Sa\u00fade da Mulher da Secretaria Municipal de Sa\u00fade e Defesa Civil, palestrou sobre as v\u00e1rias doen\u00e7as que acometem as mulheres, como preven\u00ed-las durante todo o ano, seus sinais e cuidados que podem ser observados. A apresenta\u00e7\u00e3o foi finalizada com Helder Rocha.&nbsp;&nbsp;<\/p>\n\n\n\n<p>Segundo a secret\u00e1ria de Sa\u00fade da Prefeitura de S\u00e3o Gon\u00e7alo, Bianca Serour, os eventos de orienta\u00e7\u00e3o acontecem em v\u00e1rias unidades de sa\u00fade. &#8220;O objetivo \u00e9 conscientizar as pacientes e funcion\u00e1rias sobre a import\u00e2ncia da preven\u00e7\u00e3o. Elas v\u00e3o levar o aprendizado para toda a vida e poder\u00e3o repass\u00e1-lo para outras mulheres da fam\u00edlia e da unidade&#8221;, disse Bianca.<\/p>\n\n\n\n<p>De acordo com ela, haver\u00e1 a\u00e7\u00f5es n\u00e3o s\u00f3 nesse per\u00edodo de campanha, mas durante todo o ano e para todas as doen\u00e7as. &#8220;Seguiremos produzindo esses tipos de a\u00e7\u00f5es, que atingem diretamente o p\u00fablico e chamam a aten\u00e7\u00e3o para a causa maior: a preven\u00e7\u00e3o. Para qualquer doen\u00e7a, quanto antes descoberta, mais f\u00e1cil de tratar e curar\u201d, disse Serour.\u00a0\u00a0\u00a0<\/p>\n\n\n\n<p>Para Lourdes Am\u00e9lia da Silva Belchior, 71, as a\u00e7\u00f5es s\u00e3o sempre bem-vindas. Ela estava no Ciesg acompanhando o cunhado para a realiza\u00e7\u00e3o de um exame, quando foi surpreendida pela apresenta\u00e7\u00e3o do saxofonista. \u201cTemos que aproveitar os momentos que a vida nos d\u00e1 e com alegria. Achei maravilhosa essa a\u00e7\u00e3o. Al\u00e9m de lembrar da preven\u00e7\u00e3o, ainda aproveitamos a m\u00fasica\u201d, disse a aposentada.&nbsp;<\/p>\n\n\n\n<p><em>Fotos: Julio Diniz<\/em><\/p>\n\n\n\n<p><strong><em><sup>S\u00e3o Gon\u00e7alo Vai Mudar. O Maior Portal da Cidade.<\/sup><\/em><\/strong><\/p>\n\n\n\n<figure class=\"wp-block-image size-full\"><img decoding=\"async\" width=\"251\" height=\"88\" src=\"https:\/\/sgvaimudar.com.br\/wp-content\/uploads\/2023\/08\/Logo.png\" alt=\"\" class=\"wp-image-2738\" \/><\/figure>\n","protected":false},"excerpt":{"rendered":"<p>Funcion\u00e1rias e pacientes do Ciesg participaram de palestras e receberam orienta\u00e7\u00f5es. prefeito Capit\u00e3o Nelson participou da a\u00e7\u00e3o na parte da&hellip;<\/p>\n","protected":false},"author":5,"featured_media":14009,"comment_status":"open","ping_status":"open","sticky":false,"template":"","format":"standard","meta":{"fifu_image_url":"","fifu_image_alt":"","footnotes":""},"categories":[7],"tags":[],"class_list":["post-14007","post","type-post","status-publish","format-standard","has-post-thumbnail","hentry","category-saude"],"_links":{"self":[{"href":"https:\/\/sgvaimudar.com.br\/index.php\/wp-json\/wp\/v2\/posts\/14007","targetHints":{"allow":["GET"]}}],"collection":[{"href":"https:\/\/sgvaimudar.com.br\/index.php\/wp-json\/wp\/v2\/posts"}],"about":[{"href":"https:\/\/sgvaimudar.com.br\/index.php\/wp-json\/wp\/v2\/types\/post"}],"author":[{"embeddable":true,"href":"https:\/\/sgvaimudar.com.br\/index.php\/wp-json\/wp\/v2\/users\/5"}],"replies":[{"embeddable":true,"href":"https:\/\/sgvaimudar.com.br\/index.php\/wp-json\/wp\/v2\/comments?post=14007"}],"version-history":[{"count":1,"href":"https:\/\/sgvaimudar.com.br\/index.php\/wp-json\/wp\/v2\/posts\/14007\/revisions"}],"predecessor-version":[{"id":14010,"href":"https:\/\/sgvaimudar.com.br\/index.php\/wp-json\/wp\/v2\/posts\/14007\/revisions\/14010"}],"wp:featuredmedia":[{"embeddable":true,"href":"https:\/\/sgvaimudar.com.br\/index.php\/wp-json\/wp\/v2\/media\/14009"}],"wp:attachment":[{"href":"https:\/\/sgvaimudar.com.br\/index.php\/wp-json\/wp\/v2\/media?parent=14007"}],"wp:term":[{"taxonomy":"category","embeddable":true,"href":"https:\/\/sgvaimudar.com.br\/index.php\/wp-json\/wp\/v2\/categories?post=14007"},{"taxonomy":"post_tag","embeddable":true,"href":"https:\/\/sgvaimudar.com.br\/index.php\/wp-json\/wp\/v2\/tags?post=14007"}],"curies":[{"name":"wp","href":"https:\/\/api.w.org\/{rel}","templated":true}]}}