{"id":14004,"date":"2024-10-23T15:00:00","date_gmt":"2024-10-23T18:00:00","guid":{"rendered":"https:\/\/sgvaimudar.com.br\/?p=14004"},"modified":"2024-10-23T10:56:02","modified_gmt":"2024-10-23T13:56:02","slug":"saude-goncalense-vai-promover-no-inicio-de-novembro-forum-de-saude-mental","status":"publish","type":"post","link":"https:\/\/sgvaimudar.com.br\/index.php\/2024\/10\/23\/saude-goncalense-vai-promover-no-inicio-de-novembro-forum-de-saude-mental\/","title":{"rendered":"Sa\u00fade gon\u00e7alense vai promover no in\u00edcio de novembro f\u00f3rum de sa\u00fade mental"},"content":{"rendered":"\n<p><em>Evento visa aprimoramento dos servi\u00e7os oferecidos na rede municipal<\/em><\/p>\n\n\n\n<p>A Secretaria de Sa\u00fade da Prefeitura de S\u00e3o Gon\u00e7alo vai realizar, no pr\u00f3ximo dia 7 de novembro, o F\u00f3rum Municipal Intersetorial de Sa\u00fade Mental, \u00c1lcool e Outras Drogas na Universidade Salgado de Oliveira (Universo), na Trindade, a partir das 13h30. O tema abordado ser\u00e1 \u201cEstrat\u00e9gias para o Alcance da Integralidade do Cuidado no Territ\u00f3rio como Forma de Combate ao Manic\u00f4mio em suas Novas Roupagens\u201d.<\/p>\n\n\n\n<figure class=\"wp-block-image size-large\"><img fetchpriority=\"high\" decoding=\"async\" width=\"1024\" height=\"1024\" src=\"https:\/\/sgvaimudar.com.br\/wp-content\/uploads\/2024\/10\/unnamed-1-1-1024x1024.png\" alt=\"\" class=\"wp-image-14005\" srcset=\"https:\/\/sgvaimudar.com.br\/wp-content\/uploads\/2024\/10\/unnamed-1-1-1024x1024.png 1024w, https:\/\/sgvaimudar.com.br\/wp-content\/uploads\/2024\/10\/unnamed-1-1-300x300.png 300w, https:\/\/sgvaimudar.com.br\/wp-content\/uploads\/2024\/10\/unnamed-1-1-150x150.png 150w, https:\/\/sgvaimudar.com.br\/wp-content\/uploads\/2024\/10\/unnamed-1-1-768x768.png 768w, https:\/\/sgvaimudar.com.br\/wp-content\/uploads\/2024\/10\/unnamed-1-1.png 1080w\" sizes=\"(max-width: 1024px) 100vw, 1024px\" \/><\/figure>\n\n\n\n<p>\u201cO f\u00f3rum \u00e9 um instrumento muito rico de debate acerca das pol\u00edticas p\u00fablicas, neste caso especificamente a de sa\u00fade mental, com espa\u00e7o privilegiado de troca de experi\u00eancias e saberes, onde a constru\u00e7\u00e3o democr\u00e1tica e coletiva de estrat\u00e9gias de supera\u00e7\u00e3o de dificuldades na presta\u00e7\u00e3o de servi\u00e7o de sa\u00fade \u00e9 o maior objetivo\u201d, descreveu a coordenadora do Programa de Sa\u00fade Mental, \u00c1lcool e Outras Drogas de S\u00e3o Gon\u00e7alo, Elaine Xavier.<\/p>\n\n\n\n<p>Segundo as informa\u00e7\u00f5es, o F\u00f3rum vai contar com dois palestrantes convidados: Carlos Eduardo de Moraes Honorato, psiquiatra, doutor em sa\u00fade coletiva e apoiador regional da Coordena\u00e7\u00e3o Estadual de Aten\u00e7\u00e3o Psicossocial, e Daniella Harth da Costa, psic\u00f3loga e doutora em sa\u00fade p\u00fablica. <\/p>\n\n\n\n<p>A media\u00e7\u00e3o ser\u00e1 de S\u00f4nia Silva Paiva, enfermeira, doutora em ci\u00eancias biom\u00e9dicas e assessora t\u00e9cnica da Coordena\u00e7\u00e3o de Sa\u00fade Mental de S\u00e3o Gon\u00e7alo.\u00a0<\/p>\n\n\n\n<p>\u201cA sa\u00fade mental n\u00e3o \u00e9 discutida em S\u00e3o Gon\u00e7alo no formato de f\u00f3rum. Vamos retomar esse importante meio de debate e atualiza\u00e7\u00e3o para melhorar os servi\u00e7os prestados. N\u00e3o temos mais manic\u00f4mios oficiais na cidade. O fim das interna\u00e7\u00f5es \u00e9 um grande marco. Mas temos que nos manter atentos ao aumento crescente da demanda pelos servi\u00e7os de sa\u00fade mental e seus desdobramentos\u201d, explicou a secret\u00e1ria de Sa\u00fade de S\u00e3o Gon\u00e7alo, a m\u00e9dica Bianca Serour.\u00a0<\/p>\n\n\n\n<p><strong><em><sup>S\u00e3o Gon\u00e7alo Vai Mudar. O Maior Portal da Cidade.<\/sup><\/em><\/strong><\/p>\n\n\n\n<figure class=\"wp-block-image size-full\"><img decoding=\"async\" width=\"251\" height=\"88\" src=\"https:\/\/sgvaimudar.com.br\/wp-content\/uploads\/2023\/08\/Logo.png\" alt=\"\" class=\"wp-image-2738\" \/><\/figure>\n","protected":false},"excerpt":{"rendered":"<p>Evento visa aprimoramento dos servi\u00e7os oferecidos na rede municipal A Secretaria de Sa\u00fade da Prefeitura de S\u00e3o Gon\u00e7alo vai realizar,&hellip;<\/p>\n","protected":false},"author":5,"featured_media":8242,"comment_status":"open","ping_status":"open","sticky":false,"template":"","format":"standard","meta":{"fifu_image_url":"","fifu_image_alt":"","footnotes":""},"categories":[7],"tags":[],"class_list":["post-14004","post","type-post","status-publish","format-standard","has-post-thumbnail","hentry","category-saude"],"_links":{"self":[{"href":"https:\/\/sgvaimudar.com.br\/index.php\/wp-json\/wp\/v2\/posts\/14004","targetHints":{"allow":["GET"]}}],"collection":[{"href":"https:\/\/sgvaimudar.com.br\/index.php\/wp-json\/wp\/v2\/posts"}],"about":[{"href":"https:\/\/sgvaimudar.com.br\/index.php\/wp-json\/wp\/v2\/types\/post"}],"author":[{"embeddable":true,"href":"https:\/\/sgvaimudar.com.br\/index.php\/wp-json\/wp\/v2\/users\/5"}],"replies":[{"embeddable":true,"href":"https:\/\/sgvaimudar.com.br\/index.php\/wp-json\/wp\/v2\/comments?post=14004"}],"version-history":[{"count":1,"href":"https:\/\/sgvaimudar.com.br\/index.php\/wp-json\/wp\/v2\/posts\/14004\/revisions"}],"predecessor-version":[{"id":14006,"href":"https:\/\/sgvaimudar.com.br\/index.php\/wp-json\/wp\/v2\/posts\/14004\/revisions\/14006"}],"wp:featuredmedia":[{"embeddable":true,"href":"https:\/\/sgvaimudar.com.br\/index.php\/wp-json\/wp\/v2\/media\/8242"}],"wp:attachment":[{"href":"https:\/\/sgvaimudar.com.br\/index.php\/wp-json\/wp\/v2\/media?parent=14004"}],"wp:term":[{"taxonomy":"category","embeddable":true,"href":"https:\/\/sgvaimudar.com.br\/index.php\/wp-json\/wp\/v2\/categories?post=14004"},{"taxonomy":"post_tag","embeddable":true,"href":"https:\/\/sgvaimudar.com.br\/index.php\/wp-json\/wp\/v2\/tags?post=14004"}],"curies":[{"name":"wp","href":"https:\/\/api.w.org\/{rel}","templated":true}]}}