{"id":13996,"date":"2024-10-23T13:00:00","date_gmt":"2024-10-23T16:00:00","guid":{"rendered":"https:\/\/sgvaimudar.com.br\/?p=13996"},"modified":"2024-10-23T10:41:42","modified_gmt":"2024-10-23T13:41:42","slug":"obras-da-ciclorrota-estao-dando-mais-qualidade-de-vida-para-a-populacao","status":"publish","type":"post","link":"https:\/\/sgvaimudar.com.br\/index.php\/2024\/10\/23\/obras-da-ciclorrota-estao-dando-mais-qualidade-de-vida-para-a-populacao\/","title":{"rendered":"Obras da ciclorrota est\u00e3o dando mais qualidade de vida para a popula\u00e7\u00e3o"},"content":{"rendered":"\n<p><em>Interven\u00e7\u00f5es est\u00e3o ocorrendo na Avenida Jornalista Roberto Marinho<\/em><\/p>\n\n\n\n<p>As obras da ciclorrota na Avenida Jornalista Roberto Marinho transformam e proporcionam mais beleza e qualidade de vida para a popula\u00e7\u00e3o que por ali passa ou reside. Neste ter\u00e7a-feira (22), foram revitalizadas as cal\u00e7adas na via na altura da Escola Municipal Alberto Torres. <\/p>\n\n\n\n<figure class=\"wp-block-image size-full\"><img fetchpriority=\"high\" decoding=\"async\" width=\"683\" height=\"1024\" src=\"https:\/\/sgvaimudar.com.br\/wp-content\/uploads\/2024\/10\/unnamed-7-8.jpg\" alt=\"\" class=\"wp-image-13997\" srcset=\"https:\/\/sgvaimudar.com.br\/wp-content\/uploads\/2024\/10\/unnamed-7-8.jpg 683w, https:\/\/sgvaimudar.com.br\/wp-content\/uploads\/2024\/10\/unnamed-7-8-200x300.jpg 200w\" sizes=\"(max-width: 683px) 100vw, 683px\" \/><\/figure>\n\n\n\n<p>Essas novas cal\u00e7adas possuem um padr\u00e3o de altura e rampas de acessibilidade para pessoas com defici\u00eancia (PcDs). Depois delas, ser\u00e1 feita a ciclovia. A ciclorrota ir\u00e1 formar uma \u00e1rea exclusiva para ciclistas de 4,4 quil\u00f4metros de extens\u00e3o, ligando a Pra\u00e7a Get\u00falio Vargas, no Rocha, at\u00e9 a Pra\u00e7a Chico Mendes, no Raul Veiga.<\/p>\n\n\n\n<p>A obra est\u00e1 sendo executada pela Secretaria de Estado das Cidades, do Governo do Estado, em parceria com a Prefeitura de S\u00e3o Gon\u00e7alo. O projeto foi criado pela Secretaria Municipal de Gest\u00e3o Integrada e Projetos Especiais (Semgipe). Uma parte da ciclorrota j\u00e1 foi conclu\u00edda na \u00e1rea em frente \u00e0 Arena S\u00e3o Gon\u00e7alo.<\/p>\n\n\n\n<p>As melhorias que as novas cal\u00e7adas est\u00e3o trazendo s\u00e3o observadas por quem mora no local. \u00c9 o caso do eletricista Fabr\u00edcio Perreira do Nascimento, de 35 anos. Ele mora na Avenida Jornalista Roberto Marinho h\u00e1 pouco mais de 30 anos e comentou que est\u00e1 gostando da obra.<\/p>\n\n\n\n<p>&#8220;Estou acompanhando as obras desde que elas come\u00e7aram a ser feitas l\u00e1 depois do Supermercado Guanabara. Estou achando as novas cal\u00e7adas \u00f3timas e mais acess\u00edveis. Antes, as cal\u00e7adas estavam esburacadas, agora est\u00e3o melhores e, depois de prontas, v\u00e3o ajudar muito a gente que mora aqui. Fora a ciclovia, n\u00e9? Incentiva o esporte. A gente quase n\u00e3o tinha isso aqui, s\u00f3 nos munic\u00edpios vizinhos, ent\u00e3o, \u00e9 \u00f3timo que agora vamos ter&#8221;, comentou.<\/p>\n\n\n\n<p>O projeto prev\u00ea a mudan\u00e7a da paisagem local, incentiva o uso de bicicletas e a diminui\u00e7\u00e3o da emiss\u00e3o de gases poluentes, al\u00e9m de reordenar o tr\u00e2nsito.<\/p>\n\n\n\n<p>As novas interven\u00e7\u00f5es est\u00e3o criando cal\u00e7adas com o padr\u00e3o de altura de 15 cent\u00edmetros (com exce\u00e7\u00e3o de frentes de loja, onde as cal\u00e7adas ter\u00e3o cinco cent\u00edmetros, e garagens). Antes desse padr\u00e3o, as cal\u00e7adas do local tinham diversas alturas.<\/p>\n\n\n\n<p>O jornaleiro Jos\u00e9 Ricardo Garcia, de 57 anos, trabalha em uma banca na Avenida Jornalista Roberto Marinho h\u00e1 13 anos. Para ele, as obras est\u00e3o \u00f3timas. &#8220;As cal\u00e7adas estavam precisando, agora, eu vejo que a obra est\u00e1 ficando boa, tudo direitinho. As ciclovias s\u00e3o uma boa para o munic\u00edpio e vamos torcer para os motoristas de carros respeitarem&#8221;, contou Jos\u00e9.<\/p>\n\n\n\n<p>&#8220;Al\u00e9m da ciclorrota do Muvi, que vai ligar Neves a Guaxindiba, o Executivo tamb\u00e9m vai implementar ciclovias por S\u00e3o Gon\u00e7alo, facilitando o ir e vir da popula\u00e7\u00e3o. Em Neves, no Vila Lage e no Camar\u00e3o, por exemplo, j\u00e1 \u00e9 poss\u00edvel ver ciclovias do projeto prontas. Vale destacar que a obra segue em execu\u00e7\u00e3o&#8221;, disse a Prefeitura na nota.<\/p>\n\n\n\n<p><strong>Reconhecimento nacional<\/strong>\u00a0&#8211; O projeto da Ciclorrota, al\u00e9m do Muvi, foi habilitado para disputar o Pr\u00eamio Bicicleta Brasil, parte integrante do Programa Bicicleta Brasil, sob gest\u00e3o da Secretaria Nacional de Mobilidade Urbana, do Minist\u00e9rio das Cidades. <\/p>\n\n\n\n<p>O Programa Bicicleta Brasil foi criado em 2018 para incentivar o uso da bicicleta como meio de transporte, a ser implementado em todas as cidades com mais de 20 mil habitantes, visando a contribuir para a melhoria das condi\u00e7\u00f5es de mobilidade urbana em territ\u00f3rio nacional. <\/p>\n\n\n\n<p>O Plano Municipal de Mobilidade de S\u00e3o Gon\u00e7alo tamb\u00e9m foi selecionado para disputar o Pr\u00eamio Bicicleta Brasil na categoria Projetos, Planos, Programas e Urbaniza\u00e7\u00e3o\u201d.<\/p>\n\n\n\n<p><em>Fotos: Fabio Guimar\u00e3es<\/em><\/p>\n\n\n\n<p><strong><em><sup>S\u00e3o Gon\u00e7alo Vai Mudar. O Maior Portal da Cidade.<\/sup><\/em><\/strong><\/p>\n\n\n\n<figure class=\"wp-block-image size-full\"><img decoding=\"async\" width=\"251\" height=\"88\" src=\"https:\/\/sgvaimudar.com.br\/wp-content\/uploads\/2023\/08\/Logo.png\" alt=\"\" class=\"wp-image-2738\" \/><\/figure>\n\n\n\n<p> <\/p>\n","protected":false},"excerpt":{"rendered":"<p>Interven\u00e7\u00f5es est\u00e3o ocorrendo na Avenida Jornalista Roberto Marinho As obras da ciclorrota na Avenida Jornalista Roberto Marinho transformam e proporcionam&hellip;<\/p>\n","protected":false},"author":5,"featured_media":13998,"comment_status":"open","ping_status":"open","sticky":false,"template":"","format":"standard","meta":{"fifu_image_url":"","fifu_image_alt":"","footnotes":""},"categories":[3],"tags":[],"class_list":["post-13996","post","type-post","status-publish","format-standard","has-post-thumbnail","hentry","category-sao-goncalo"],"_links":{"self":[{"href":"https:\/\/sgvaimudar.com.br\/index.php\/wp-json\/wp\/v2\/posts\/13996","targetHints":{"allow":["GET"]}}],"collection":[{"href":"https:\/\/sgvaimudar.com.br\/index.php\/wp-json\/wp\/v2\/posts"}],"about":[{"href":"https:\/\/sgvaimudar.com.br\/index.php\/wp-json\/wp\/v2\/types\/post"}],"author":[{"embeddable":true,"href":"https:\/\/sgvaimudar.com.br\/index.php\/wp-json\/wp\/v2\/users\/5"}],"replies":[{"embeddable":true,"href":"https:\/\/sgvaimudar.com.br\/index.php\/wp-json\/wp\/v2\/comments?post=13996"}],"version-history":[{"count":1,"href":"https:\/\/sgvaimudar.com.br\/index.php\/wp-json\/wp\/v2\/posts\/13996\/revisions"}],"predecessor-version":[{"id":13999,"href":"https:\/\/sgvaimudar.com.br\/index.php\/wp-json\/wp\/v2\/posts\/13996\/revisions\/13999"}],"wp:featuredmedia":[{"embeddable":true,"href":"https:\/\/sgvaimudar.com.br\/index.php\/wp-json\/wp\/v2\/media\/13998"}],"wp:attachment":[{"href":"https:\/\/sgvaimudar.com.br\/index.php\/wp-json\/wp\/v2\/media?parent=13996"}],"wp:term":[{"taxonomy":"category","embeddable":true,"href":"https:\/\/sgvaimudar.com.br\/index.php\/wp-json\/wp\/v2\/categories?post=13996"},{"taxonomy":"post_tag","embeddable":true,"href":"https:\/\/sgvaimudar.com.br\/index.php\/wp-json\/wp\/v2\/tags?post=13996"}],"curies":[{"name":"wp","href":"https:\/\/api.w.org\/{rel}","templated":true}]}}