{"id":13993,"date":"2024-10-23T12:00:00","date_gmt":"2024-10-23T15:00:00","guid":{"rendered":"https:\/\/sgvaimudar.com.br\/?p=13993"},"modified":"2024-10-23T10:32:10","modified_gmt":"2024-10-23T13:32:10","slug":"meio-ambiente-alerta-para-defeso-de-caranguejos-nos-mangues-goncalenses","status":"publish","type":"post","link":"https:\/\/sgvaimudar.com.br\/index.php\/2024\/10\/23\/meio-ambiente-alerta-para-defeso-de-caranguejos-nos-mangues-goncalenses\/","title":{"rendered":"Meio Ambiente alerta para defeso de caranguejos nos mangues gon\u00e7alenses"},"content":{"rendered":"\n<p><em>Caranguejo-u\u00e7\u00e1 e guaiamum n\u00e3o podem ser ca\u00e7ados ou comercializados nestes per\u00edodos<\/em><\/p>\n\n\n\n<p>A Secretaria de Meio Ambiente da Prefeitura de S\u00e3o Gon\u00e7alo faz um alerta sobre os per\u00edodos de defeso, quando ficam proibidas a ca\u00e7a, pesca e comercializa\u00e7\u00e3o do caranguejo-u\u00e7\u00e1 (Ucides cordatus) e do guaiamum (Cardisoma guanhumi), para garantir a prote\u00e7\u00e3o das esp\u00e9cies de caranguejo durante seus per\u00edodos de reprodu\u00e7\u00e3o.<\/p>\n\n\n\n<p>Desde o in\u00edcio do m\u00eas de outubro ao dia 30 de novembro, \u00e9 o per\u00edodo de defeso para machos e f\u00eameas do caranguejo-u\u00e7\u00e1. E, de outubro ao dia 31 de dezembro, o per\u00edodo de defeso vale para as f\u00eameas da esp\u00e9cie, conforme a portaria Ibama n\u00famero: 52, de 30 de setembro de 2003.<\/p>\n\n\n\n<p>J\u00e1 para o guaiamum, o per\u00edodo de defeso acontece de outubro a 31 de mar\u00e7o, sendo proibida a captura, a manuten\u00e7\u00e3o em cativeiro, o transporte, o beneficiamento, a industrializa\u00e7\u00e3o o, armazenamento e a comercializa\u00e7\u00e3o da esp\u00e9cie, conforme a Portaria Ibama n\u00ba. 53 \u00a0<\/p>\n\n\n\n<p>Al\u00e9m disso, para todas as outras \u00e9pocas do ano existe um padr\u00e3o de restri\u00e7\u00e3o para a ca\u00e7a e comercializa\u00e7\u00e3o do guaiamum, sendo proibida a ca\u00e7a de f\u00eameas ovadas, de indiv\u00edduos com largura de carapa\u00e7a inferior a 8,0 cm (oito cent\u00edmetros)e de partes isoladas (quelas, pin\u00e7as ou garras).<\/p>\n\n\n\n<p>O defeso envolve dois momentos distintos: a troca de carapa\u00e7a (ecdise), quando o caranguejo aumenta de tamanho (principalmente em outubro e novembro); e a \u201candada\u201d, quando machos e f\u00eameas saem das tocas para reprodu\u00e7\u00e3o (normalmente em dezembro e janeiro).<\/p>\n\n\n\n<p>Os infratores podem sofrer san\u00e7\u00f5es previstas na Lei n\u00ba 9.605\/1998 (Lei de Crimes Ambientais), podendo responder administrativa e criminalmente.<\/p>\n\n\n\n<p><strong>Seguro Defeso<\/strong><\/p>\n\n\n\n<p>Durante os per\u00edodos de defeso pescador artesanal regularizado tem direito a receber o benef\u00edcio de acesso ao Seguro Defeso, pago pelo INSS (Instituto Nacional do Seguro Social).<\/p>\n\n\n\n<p><strong>Os crit\u00e9rios para obter o seguro s\u00e3o os seguintes:<\/strong><\/p>\n\n\n\n<p>Ser pescador artesanal, que depende exclusivamente da pesca como principal fonte de renda; Estar registrado no Minist\u00e9rio da Pesca h\u00e1 pelo menos um ano antes do per\u00edodo de defeso; Contribuir para a Previd\u00eancia Social com base na venda dos produtos pescados durante os per\u00edodos fora do defeso.<\/p>\n\n\n\n<p>N\u00e3o receber outros benef\u00edcios previdenci\u00e1rios, exceto aux\u00edlio-acidente ou pens\u00e3o por morte de at\u00e9 um sal\u00e1rio m\u00ednimo.<\/p>\n\n\n\n<p>O pedido do Seguro Defeso pode ser feito a partir de 30 dias antes do in\u00edcio do per\u00edodo de defeso at\u00e9 o \u00faltimo dia deste per\u00edodo, via o aplicativo \u201cMeu INSS\u201d ou presencialmente no INSS.<\/p>\n\n\n\n<p>A Prefeitura Municipal de S\u00e3o Gon\u00e7alo atrav\u00e9s da Secretaria Municipal de Agricultura e pesca, est\u00e1 finalizando um acordo de coopera\u00e7\u00e3o t\u00e9cnica com a Funda\u00e7\u00e3o Estadual de Pesca &#8211; Fiperj para emiss\u00e3o da carteira de pescador artesanal e logo estar\u00e1 auxiliando os pescadores artesanais da cidade na emiss\u00e3o das carteiras de pescador.<\/p>\n\n\n\n<p><strong><em><sup>S\u00e3o Gon\u00e7alo Vai Mudar. O Maior Portal da Cidade.<\/sup><\/em><\/strong><\/p>\n\n\n\n<figure class=\"wp-block-image size-large\"><img fetchpriority=\"high\" decoding=\"async\" width=\"1024\" height=\"378\" src=\"https:\/\/sgvaimudar.com.br\/wp-content\/uploads\/2023\/08\/cropped-Logo-Provisoria-2-1-1024x378.png\" alt=\"\" class=\"wp-image-2780\" srcset=\"https:\/\/sgvaimudar.com.br\/wp-content\/uploads\/2023\/08\/cropped-Logo-Provisoria-2-1-1024x378.png 1024w, https:\/\/sgvaimudar.com.br\/wp-content\/uploads\/2023\/08\/cropped-Logo-Provisoria-2-1-300x111.png 300w, https:\/\/sgvaimudar.com.br\/wp-content\/uploads\/2023\/08\/cropped-Logo-Provisoria-2-1-768x284.png 768w, https:\/\/sgvaimudar.com.br\/wp-content\/uploads\/2023\/08\/cropped-Logo-Provisoria-2-1.png 1386w\" sizes=\"(max-width: 1024px) 100vw, 1024px\" \/><\/figure>\n\n\n\n<p> <\/p>\n","protected":false},"excerpt":{"rendered":"<p>Caranguejo-u\u00e7\u00e1 e guaiamum n\u00e3o podem ser ca\u00e7ados ou comercializados nestes per\u00edodos A Secretaria de Meio Ambiente da Prefeitura de S\u00e3o&hellip;<\/p>\n","protected":false},"author":5,"featured_media":13994,"comment_status":"open","ping_status":"open","sticky":false,"template":"","format":"standard","meta":{"fifu_image_url":"","fifu_image_alt":"","footnotes":""},"categories":[3],"tags":[],"class_list":["post-13993","post","type-post","status-publish","format-standard","has-post-thumbnail","hentry","category-sao-goncalo"],"_links":{"self":[{"href":"https:\/\/sgvaimudar.com.br\/index.php\/wp-json\/wp\/v2\/posts\/13993","targetHints":{"allow":["GET"]}}],"collection":[{"href":"https:\/\/sgvaimudar.com.br\/index.php\/wp-json\/wp\/v2\/posts"}],"about":[{"href":"https:\/\/sgvaimudar.com.br\/index.php\/wp-json\/wp\/v2\/types\/post"}],"author":[{"embeddable":true,"href":"https:\/\/sgvaimudar.com.br\/index.php\/wp-json\/wp\/v2\/users\/5"}],"replies":[{"embeddable":true,"href":"https:\/\/sgvaimudar.com.br\/index.php\/wp-json\/wp\/v2\/comments?post=13993"}],"version-history":[{"count":1,"href":"https:\/\/sgvaimudar.com.br\/index.php\/wp-json\/wp\/v2\/posts\/13993\/revisions"}],"predecessor-version":[{"id":13995,"href":"https:\/\/sgvaimudar.com.br\/index.php\/wp-json\/wp\/v2\/posts\/13993\/revisions\/13995"}],"wp:featuredmedia":[{"embeddable":true,"href":"https:\/\/sgvaimudar.com.br\/index.php\/wp-json\/wp\/v2\/media\/13994"}],"wp:attachment":[{"href":"https:\/\/sgvaimudar.com.br\/index.php\/wp-json\/wp\/v2\/media?parent=13993"}],"wp:term":[{"taxonomy":"category","embeddable":true,"href":"https:\/\/sgvaimudar.com.br\/index.php\/wp-json\/wp\/v2\/categories?post=13993"},{"taxonomy":"post_tag","embeddable":true,"href":"https:\/\/sgvaimudar.com.br\/index.php\/wp-json\/wp\/v2\/tags?post=13993"}],"curies":[{"name":"wp","href":"https:\/\/api.w.org\/{rel}","templated":true}]}}