{"id":13954,"date":"2024-10-22T17:00:00","date_gmt":"2024-10-22T20:00:00","guid":{"rendered":"https:\/\/sgvaimudar.com.br\/?p=13954"},"modified":"2024-10-22T10:50:57","modified_gmt":"2024-10-22T13:50:57","slug":"prefeitura-de-itaborai-inaugura-novas-salas-que-promovem-praticas-pedagogicas-leitura-e-pesquisa","status":"publish","type":"post","link":"https:\/\/sgvaimudar.com.br\/index.php\/2024\/10\/22\/prefeitura-de-itaborai-inaugura-novas-salas-que-promovem-praticas-pedagogicas-leitura-e-pesquisa\/","title":{"rendered":"Prefeitura de Itabora\u00ed inaugura novas salas que promovem pr\u00e1ticas pedag\u00f3gicas, leitura e pesquisa"},"content":{"rendered":"\n<p><em>A Salas Beatriz Nascimento e Nilza Campos constituem dois espa\u00e7os diversificados de aprendizagem relevantes para os estudantes<\/em><\/p>\n\n\n\n<p>Na \u00faltima quarta-feira (16\/10), a Prefeitura de Itabora\u00ed, por meio da Secretaria Municipal de Educa\u00e7\u00e3o, inaugurou as salas Beatriz Nascimento e Nilza Campos, integradas na Escola Municipal Prof\u00aa. Marly Cid Almeida de Abreu, em Nancil\u00e2ndia. Esses espa\u00e7os tem como objetivo promover um ambiente favor\u00e1vel \u00e0s pr\u00e1ticas educacionais para desenvolvimento de a\u00e7\u00f5es pedag\u00f3gicas.<\/p>\n\n\n\n<figure class=\"wp-block-image size-large\"><img fetchpriority=\"high\" decoding=\"async\" width=\"1024\" height=\"769\" src=\"https:\/\/sgvaimudar.com.br\/wp-content\/uploads\/2024\/10\/Educacao-Prefeitura-de-Itaborai-inaugura-novas-salas-que-promovem-praticas-pedagogicas-leitura-e-pesquisa-2-1024x769.jpeg\" alt=\"\" class=\"wp-image-13955\" srcset=\"https:\/\/sgvaimudar.com.br\/wp-content\/uploads\/2024\/10\/Educacao-Prefeitura-de-Itaborai-inaugura-novas-salas-que-promovem-praticas-pedagogicas-leitura-e-pesquisa-2-1024x769.jpeg 1024w, https:\/\/sgvaimudar.com.br\/wp-content\/uploads\/2024\/10\/Educacao-Prefeitura-de-Itaborai-inaugura-novas-salas-que-promovem-praticas-pedagogicas-leitura-e-pesquisa-2-300x225.jpeg 300w, https:\/\/sgvaimudar.com.br\/wp-content\/uploads\/2024\/10\/Educacao-Prefeitura-de-Itaborai-inaugura-novas-salas-que-promovem-praticas-pedagogicas-leitura-e-pesquisa-2-768x576.jpeg 768w, https:\/\/sgvaimudar.com.br\/wp-content\/uploads\/2024\/10\/Educacao-Prefeitura-de-Itaborai-inaugura-novas-salas-que-promovem-praticas-pedagogicas-leitura-e-pesquisa-2-1536x1153.jpeg 1536w, https:\/\/sgvaimudar.com.br\/wp-content\/uploads\/2024\/10\/Educacao-Prefeitura-de-Itaborai-inaugura-novas-salas-que-promovem-praticas-pedagogicas-leitura-e-pesquisa-2.jpeg 1600w\" sizes=\"(max-width: 1024px) 100vw, 1024px\" \/><\/figure>\n\n\n\n<p>A Subsecret\u00e1ria de Gest\u00e3o e Ensino da Secretaria Municipal de Educa\u00e7\u00e3o, Gl\u00e1ucia Vieira, falou sobre a import\u00e2ncia dessas inaugura\u00e7\u00f5es e como elas podem elevar a qualidade do ensino ofertado em Itabora\u00ed.<\/p>\n\n\n\n<p>\u201cA Sala Beatriz Nascimento e a Sala Nilza Campos constituem dois espa\u00e7os diversificados de aprendizagem relevantes para os estudantes da E.M. Prof\u00aa Marly Cid e para o contexto da Rede Municipal. Sinto-me muito feliz em saber que nossos alunos ter\u00e3o acesso a esses ambientes, contando com pr\u00e1ticas pedag\u00f3gicas antirracistas e anticapacitistas, fundamentais para a forma\u00e7\u00e3o de cidad\u00e3os cr\u00edticos. Agrade\u00e7o a todos que se empenharam para a concretiza\u00e7\u00e3o desses projetos que, certamente, contribuir\u00e3o para a melhor qualidade da Educa\u00e7\u00e3o.\u201d disse a subsecret\u00e1ria<\/p>\n\n\n\n<p>A Sala Beatriz Nascimento foi pensada com o objetivo principal de desenvolver a\u00e7\u00f5es e pr\u00e1ticas pedag\u00f3gicas voltadas para pautas antirracistas e anticapacitistas. Este ambiente tamb\u00e9m servir\u00e1 como um espa\u00e7o para forma\u00e7\u00e3o docente, al\u00e9m de executar pr\u00e1ticas que contribuam para um processo de ensino e aprendizagem mais representativo e significativo para os estudantes, majoritariamente negros.<\/p>\n\n\n\n<p>Vale destacar que as pr\u00e1ticas e atividades pedag\u00f3gicas que ser\u00e3o desenvolvidas com os alunos, fazem refer\u00eancia a interseccionalidade entre ra\u00e7a, defici\u00eancia e outras dimens\u00f5es, como a social e de g\u00eanero.<\/p>\n\n\n\n<p>J\u00e1 a Sala Nilza Campos, funciona como um espa\u00e7o de leitura, proporcionando um ambiente favor\u00e1vel \u00e0s din\u00e2micas que envolvem a leitura liter\u00e1ria e outros diferentes tipos e g\u00eaneros textuais. Al\u00e9m de ser um espa\u00e7o pensado para incentivar e introduzir a pesquisa na vida acad\u00eamica dos alunos.<\/p>\n\n\n\n<p>\u00c9 importante informar que quatro profissionais da Escola Municipal Prof\u00aa Marly Cid Almeida de Abreu, foram contemplados com uma bolsa para participar do projeto. Um deles \u00e9 o professor Peter Rosa, que fez parte do projeto referente \u00e0 Sala Beatriz Nascimento e falou sobre como foi participar do desenvolvimento dessa proposta.<\/p>\n\n\n\n<p>\u201cSinto-me muito honrado pela oportunidade de participar do projeto da Sala Beatriz Nascimento. Agrade\u00e7o enormemente a coordenadora Luiza Oliveira e a Psic\u00f3loga Vivian da Concei\u00e7\u00e3o Vitorino pela parceria com a nossa escola Prof\u00aa. Marly Cid Almeida de Abreu. O projeto contribuiu significativamente para a minha forma\u00e7\u00e3o docente por meio dos encontros de discuss\u00e3o te\u00f3rica e desenvolvimento de atividades e materiais, que estar\u00e3o dispon\u00edveis para todos os docentes que desejarem ter acesso para o trabalho com os estudantes. Ter um espa\u00e7o f\u00edsico multifuncional, com diversos equipamentos e com acessibilidade, representa um enorme ganho para a Educa\u00e7\u00e3o, contribuindo para a forma\u00e7\u00e3o integral, cr\u00edtica e cidad\u00e3 dos nossos educandos\u201d, finalizou o professor.<\/p>\n\n\n\n<p>A Sala Beatriz Nascimento conta com equipamentos e mob\u00edlia financiados pela Funda\u00e7\u00e3o de Amparo \u00e0 Pesquisa do Estado do Rio de Janeiro (FAPERJ), que al\u00e9m de atender a sala, contribuiu com outros espa\u00e7os da escola.<\/p>\n\n\n\n<p><strong><em><sup>S\u00e3o Gon\u00e7alo Vai Mudar. O Maior Portal da Cidade.<\/sup><\/em><\/strong><\/p>\n\n\n\n<figure class=\"wp-block-image size-full\"><img decoding=\"async\" width=\"251\" height=\"88\" src=\"https:\/\/sgvaimudar.com.br\/wp-content\/uploads\/2023\/08\/Logo.png\" alt=\"\" class=\"wp-image-2738\" \/><\/figure>\n","protected":false},"excerpt":{"rendered":"<p>A Salas Beatriz Nascimento e Nilza Campos constituem dois espa\u00e7os diversificados de aprendizagem relevantes para os estudantes Na \u00faltima quarta-feira&hellip;<\/p>\n","protected":false},"author":5,"featured_media":13956,"comment_status":"open","ping_status":"open","sticky":false,"template":"","format":"standard","meta":{"fifu_image_url":"","fifu_image_alt":"","footnotes":""},"categories":[4],"tags":[],"class_list":["post-13954","post","type-post","status-publish","format-standard","has-post-thumbnail","hentry","category-brasil"],"_links":{"self":[{"href":"https:\/\/sgvaimudar.com.br\/index.php\/wp-json\/wp\/v2\/posts\/13954","targetHints":{"allow":["GET"]}}],"collection":[{"href":"https:\/\/sgvaimudar.com.br\/index.php\/wp-json\/wp\/v2\/posts"}],"about":[{"href":"https:\/\/sgvaimudar.com.br\/index.php\/wp-json\/wp\/v2\/types\/post"}],"author":[{"embeddable":true,"href":"https:\/\/sgvaimudar.com.br\/index.php\/wp-json\/wp\/v2\/users\/5"}],"replies":[{"embeddable":true,"href":"https:\/\/sgvaimudar.com.br\/index.php\/wp-json\/wp\/v2\/comments?post=13954"}],"version-history":[{"count":1,"href":"https:\/\/sgvaimudar.com.br\/index.php\/wp-json\/wp\/v2\/posts\/13954\/revisions"}],"predecessor-version":[{"id":13957,"href":"https:\/\/sgvaimudar.com.br\/index.php\/wp-json\/wp\/v2\/posts\/13954\/revisions\/13957"}],"wp:featuredmedia":[{"embeddable":true,"href":"https:\/\/sgvaimudar.com.br\/index.php\/wp-json\/wp\/v2\/media\/13956"}],"wp:attachment":[{"href":"https:\/\/sgvaimudar.com.br\/index.php\/wp-json\/wp\/v2\/media?parent=13954"}],"wp:term":[{"taxonomy":"category","embeddable":true,"href":"https:\/\/sgvaimudar.com.br\/index.php\/wp-json\/wp\/v2\/categories?post=13954"},{"taxonomy":"post_tag","embeddable":true,"href":"https:\/\/sgvaimudar.com.br\/index.php\/wp-json\/wp\/v2\/tags?post=13954"}],"curies":[{"name":"wp","href":"https:\/\/api.w.org\/{rel}","templated":true}]}}